
{"id":14181,"date":"2012-04-01T19:19:44","date_gmt":"2012-04-01T22:19:44","guid":{"rendered":"http:\/\/www.sudoestehoje.com.br\/novoportal\/?p=14181"},"modified":"2012-04-01T19:19:44","modified_gmt":"2012-04-01T22:19:44","slug":"itapetinga-briga-no-pt-continua-repercutindo","status":"publish","type":"post","link":"https:\/\/www.sudoestehoje.com.br\/novoportal\/2012\/04\/01\/itapetinga-briga-no-pt-continua-repercutindo\/","title":{"rendered":"ITAPETINGA: BRIGA NO PT CONTINUA REPERCUTINDO"},"content":{"rendered":"<p><img decoding=\"async\" class=\"aligncenter\" src=\"http:\/\/www.pimenta.blog.br\/wp-content\/uploads\/jos%C3%A9-carlos-moura-enterro.jpg\" alt=\"\" width=\"300\" \/><\/p>\n<p style=\"text-align: center;\"><em>PT n\u00e3o quer mais saber de Z\u00e9 Carlos<\/em><\/p>\n<p>&nbsp;<\/p>\n<p>A briga interna no PT de Itapetinga continua repercutindo na imprensa regional e estadual. Desta vez foi o conceituado blog <em>Pimenta na Muqueca<\/em> quem deu destaque ao veto petista em rela\u00e7\u00e3o \u00e0 candidatura do prefeito Z\u00e9 Carlos, lan\u00e7ando Miraldo Mota como pr\u00e9-candidato oficial da legenda, para disputar as pr\u00e9vias do partido. Leia a mat\u00e9ria:<\/p>\n<p><em>&#8220;EM ITAPETINGA, A BRIGA \u00c9 PT X PT &#8211;\u00a0Deu a louca no PT de Itapetinga. Segundo o blog Pol\u00edticos do Sul da Bahia, o prefeito petista Jos\u00e9 Carlos Moura perdeu o apoio pol\u00edtico do pr\u00f3prio partido que, no \u00e1pice da insatisfa\u00e7\u00e3o, lan\u00e7ou um nome alternativo como pr\u00e9-candidato a prefeito do munic\u00edpio do sudoeste baiano.<\/em><\/p>\n<p><em>Reclamando de que o prefeito n\u00e3o franqueia ao PT a possibilidade de participar das decis\u00f5es da gest\u00e3o, os petistas defendem pr\u00e9vias para a escolha do candidato \u00e0 sucess\u00e3o municipal, sugerindo Miraldo Mota para disputar com Moura.<\/em><\/p>\n<p><em>Os \u201ccompanheiros\u201d tamb\u00e9m acusam o prefeito de promover licita\u00e7\u00f5es fraudulentas e contratos suspeitos, entre outras irregularidades.<\/em><\/p>\n<p><em>\u00c9 fogo amigo de elevada intensidade e alto poder destrutivo para incendiar a pr\u00e9-campanha itapetinguense&#8221;.<\/em><\/p>\n<p><strong><em> Blog Pimenta<\/em><\/strong><\/p>\n","protected":false},"excerpt":{"rendered":"<p>PT n\u00e3o quer mais saber de Z\u00e9 Carlos &nbsp; A briga interna no PT de Itapetinga continua repercutindo na imprensa regional e estadual. Desta vez foi o conceituado blog Pimenta na Muqueca quem deu destaque ao veto petista em rela\u00e7\u00e3o \u00e0 candidatura do prefeito Z\u00e9 Carlos, lan\u00e7ando Miraldo Mota como pr\u00e9-candidato oficial da legenda, para [&hellip;]<\/p>\n","protected":false},"author":2,"featured_media":0,"comment_status":"open","ping_status":"open","sticky":false,"template":"","format":"standard","meta":{"footnotes":"","_links_to":"","_links_to_target":""},"categories":[1],"tags":[],"class_list":["post-14181","post","type-post","status-publish","format-standard","hentry","category-geral"],"views":1473,"_links":{"self":[{"href":"https:\/\/www.sudoestehoje.com.br\/novoportal\/wp-json\/wp\/v2\/posts\/14181","targetHints":{"allow":["GET"]}}],"collection":[{"href":"https:\/\/www.sudoestehoje.com.br\/novoportal\/wp-json\/wp\/v2\/posts"}],"about":[{"href":"https:\/\/www.sudoestehoje.com.br\/novoportal\/wp-json\/wp\/v2\/types\/post"}],"author":[{"embeddable":true,"href":"https:\/\/www.sudoestehoje.com.br\/novoportal\/wp-json\/wp\/v2\/users\/2"}],"replies":[{"embeddable":true,"href":"https:\/\/www.sudoestehoje.com.br\/novoportal\/wp-json\/wp\/v2\/comments?post=14181"}],"version-history":[{"count":3,"href":"https:\/\/www.sudoestehoje.com.br\/novoportal\/wp-json\/wp\/v2\/posts\/14181\/revisions"}],"predecessor-version":[{"id":14185,"href":"https:\/\/www.sudoestehoje.com.br\/novoportal\/wp-json\/wp\/v2\/posts\/14181\/revisions\/14185"}],"wp:attachment":[{"href":"https:\/\/www.sudoestehoje.com.br\/novoportal\/wp-json\/wp\/v2\/media?parent=14181"}],"wp:term":[{"taxonomy":"category","embeddable":true,"href":"https:\/\/www.sudoestehoje.com.br\/novoportal\/wp-json\/wp\/v2\/categories?post=14181"},{"taxonomy":"post_tag","embeddable":true,"href":"https:\/\/www.sudoestehoje.com.br\/novoportal\/wp-json\/wp\/v2\/tags?post=14181"}],"curies":[{"name":"wp","href":"https:\/\/api.w.org\/{rel}","templated":true}]}}