
{"id":14160,"date":"2012-03-31T11:20:24","date_gmt":"2012-03-31T14:20:24","guid":{"rendered":"http:\/\/www.sudoestehoje.com.br\/novoportal\/?p=14160"},"modified":"2012-03-31T11:26:08","modified_gmt":"2012-03-31T14:26:08","slug":"governo-recorre-da-decisao-que-reintegrou-prisco-a-pm","status":"publish","type":"post","link":"https:\/\/www.sudoestehoje.com.br\/novoportal\/2012\/03\/31\/governo-recorre-da-decisao-que-reintegrou-prisco-a-pm\/","title":{"rendered":"GOVERNO RECORRE DA DECIS\u00c3O QUE REINTEGROU PRISCO \u00c0 PM"},"content":{"rendered":"<p><img decoding=\"async\" class=\"aligncenter\" src=\"http:\/\/www.97news.com.br\/imagens\/noticias\/24032012111805g.jpg\" alt=\"\" \/><\/p>\n<p>&nbsp;<\/p>\n<p>A Procuradoria Geral do Estado da Bahia anunciou nesta sexta-feira (30) que vai recorrer, dentro do prazo legal de 30 dias, da decis\u00e3o da Vara da Auditoria Militar que anulou o ato administrativo que resultou na expuls\u00e3o do soldado Marco Prisco da Pol\u00edcia Militar. Mesmo afastado da corpora\u00e7\u00e3o, ele foi o principal l\u00edder da greve da PM baiana em fevereiro passado e ficou preso por 43 dias ap\u00f3s o fim do movimento.<\/p>\n<p>Na quarta-feira passada, ap\u00f3s tomar conhecimento da decis\u00e3o da Auditoria Militar, Prisco chegou a comemorar sua reintegra\u00e7\u00e3o ao Corpo de Bombeiros, onde era lotado. Mas, em nota distribu\u00edda nesta sexta, a Procuradoria informou que n\u00e3o houve antecipa\u00e7\u00e3o dos efeitos da tutela no processo, ou seja, n\u00e3o h\u00e1 ordem para cumprimento imediato da reintegra\u00e7\u00e3o do ex-PM \u00e0 corpora\u00e7\u00e3o. Al\u00e9m disso, o recurso que ser\u00e1 interposto tem efeito suspensivo.<\/p>\n<p>Em sua decis\u00e3o, a Auditoria Militar tamb\u00e9m recomendou uma nova apura\u00e7\u00e3o dos fatos ocorridos durante o movimento grevista da PM em 2001 e que resultaram na pris\u00e3o e expuls\u00e3o de Marco Prisco.<\/p>\n<p>Presidente da Associa\u00e7\u00e3o dos Policiais, Bombeiros e seus Familiares do Estado da Bahia (Aspra) e l\u00edder da recente greve da PM, Prisco ficou conhecido nacionalmente depois que o\u00a0<em>Jornal Nacional<\/em>, da Rede Globo, divulgou conversas telef\u00f4nicas gravadas com autoriza\u00e7\u00e3o da Justi\u00e7a, nas quais ele aparece combinando atos de vandalismo, como a queima de caminh\u00f5es e o fechamento de rodovias.<\/p>\n<p>Ele e os demais l\u00edderes do movimento grevista est\u00e3o respondendo em liberdade a acusa\u00e7\u00f5es de forma\u00e7\u00e3o de quadrilha e destrui\u00e7\u00e3o de patrim\u00f4nio p\u00fablico. Isso porque, al\u00e9m de invadirem e ocuparem o pr\u00e9dio da Assembleia Legislativa, os grevistas capturaram e danificaram algumas viaturas da Pol\u00edcia Militar.<\/p>\n","protected":false},"excerpt":{"rendered":"<p>&nbsp; A Procuradoria Geral do Estado da Bahia anunciou nesta sexta-feira (30) que vai recorrer, dentro do prazo legal de 30 dias, da decis\u00e3o da Vara da Auditoria Militar que anulou o ato administrativo que resultou na expuls\u00e3o do soldado Marco Prisco da Pol\u00edcia Militar. Mesmo afastado da corpora\u00e7\u00e3o, ele foi o principal l\u00edder da [&hellip;]<\/p>\n","protected":false},"author":2,"featured_media":0,"comment_status":"open","ping_status":"open","sticky":false,"template":"","format":"standard","meta":{"footnotes":"","_links_to":"","_links_to_target":""},"categories":[1],"tags":[],"class_list":["post-14160","post","type-post","status-publish","format-standard","hentry","category-geral"],"views":1374,"_links":{"self":[{"href":"https:\/\/www.sudoestehoje.com.br\/novoportal\/wp-json\/wp\/v2\/posts\/14160","targetHints":{"allow":["GET"]}}],"collection":[{"href":"https:\/\/www.sudoestehoje.com.br\/novoportal\/wp-json\/wp\/v2\/posts"}],"about":[{"href":"https:\/\/www.sudoestehoje.com.br\/novoportal\/wp-json\/wp\/v2\/types\/post"}],"author":[{"embeddable":true,"href":"https:\/\/www.sudoestehoje.com.br\/novoportal\/wp-json\/wp\/v2\/users\/2"}],"replies":[{"embeddable":true,"href":"https:\/\/www.sudoestehoje.com.br\/novoportal\/wp-json\/wp\/v2\/comments?post=14160"}],"version-history":[{"count":4,"href":"https:\/\/www.sudoestehoje.com.br\/novoportal\/wp-json\/wp\/v2\/posts\/14160\/revisions"}],"predecessor-version":[{"id":14163,"href":"https:\/\/www.sudoestehoje.com.br\/novoportal\/wp-json\/wp\/v2\/posts\/14160\/revisions\/14163"}],"wp:attachment":[{"href":"https:\/\/www.sudoestehoje.com.br\/novoportal\/wp-json\/wp\/v2\/media?parent=14160"}],"wp:term":[{"taxonomy":"category","embeddable":true,"href":"https:\/\/www.sudoestehoje.com.br\/novoportal\/wp-json\/wp\/v2\/categories?post=14160"},{"taxonomy":"post_tag","embeddable":true,"href":"https:\/\/www.sudoestehoje.com.br\/novoportal\/wp-json\/wp\/v2\/tags?post=14160"}],"curies":[{"name":"wp","href":"https:\/\/api.w.org\/{rel}","templated":true}]}}