
{"id":14085,"date":"2012-03-27T16:45:05","date_gmt":"2012-03-27T19:45:05","guid":{"rendered":"http:\/\/www.sudoestehoje.com.br\/novoportal\/?p=14085"},"modified":"2012-03-27T16:45:05","modified_gmt":"2012-03-27T19:45:05","slug":"comissao-do-senado-aprova-reducao-do-teto-para-aposentadoria-do-servidor","status":"publish","type":"post","link":"https:\/\/www.sudoestehoje.com.br\/novoportal\/2012\/03\/27\/comissao-do-senado-aprova-reducao-do-teto-para-aposentadoria-do-servidor\/","title":{"rendered":"COMISS\u00c3O DO SENADO APROVA REDU\u00c7\u00c3O DO TETO PARA APOSENTADORIA DO SERVIDOR"},"content":{"rendered":"<p><img decoding=\"async\" class=\"aligncenter\" src=\"http:\/\/www.bahianoticias.com.br\/fotos\/justica_noticias\/43316\/IMAGEM_NOTICIA_5.jpg\" alt=\"Comiss\u00e3o do Senado aprova projeto que cria fundo para servidor p\u00fablico\" width=\"400\" \/><\/p>\n<p>&nbsp;<\/p>\n<p>A Comiss\u00e3o de Assuntos Econ\u00f4micos (CAE) do Senado aprovou nesta ter\u00e7a-feira (27) o projeto de lei que cria o Fundo de Previd\u00eancia Complementar para os servidores p\u00fablicos (Funpresp).\u00a0O objetivo do governo \u00e9 aprovar em outras duas comiss\u00f5es do Senado, nesta quarta-feira (27), para que possa ser votado no plen\u00e1rio da Casa ainda esta semana.\u00a0A proposta iguala o teto das aposentadorias dos servidores p\u00fablicos federais civis ao do regime privado da Previd\u00eancia. Com isso, o valor m\u00e1ximo do benef\u00edcio pago pela Uni\u00e3o ser\u00e1 de R$ 3.916,20.\u00a0A mudan\u00e7a no sistema previdenci\u00e1rio, que valer\u00e1, obrigatoriamente, apenas para os novos servidores, \u00e9 uma prioridade para o governo, que quer acabar com o d\u00e9ficit do setor. Informa\u00e7\u00f5es Folha de S\u00e3o Paulo.<\/p>\n","protected":false},"excerpt":{"rendered":"<p>&nbsp; A Comiss\u00e3o de Assuntos Econ\u00f4micos (CAE) do Senado aprovou nesta ter\u00e7a-feira (27) o projeto de lei que cria o Fundo de Previd\u00eancia Complementar para os servidores p\u00fablicos (Funpresp).\u00a0O objetivo do governo \u00e9 aprovar em outras duas comiss\u00f5es do Senado, nesta quarta-feira (27), para que possa ser votado no plen\u00e1rio da Casa ainda esta semana.\u00a0A [&hellip;]<\/p>\n","protected":false},"author":2,"featured_media":0,"comment_status":"open","ping_status":"open","sticky":false,"template":"","format":"standard","meta":{"footnotes":"","_links_to":"","_links_to_target":""},"categories":[1],"tags":[],"class_list":["post-14085","post","type-post","status-publish","format-standard","hentry","category-geral"],"views":1141,"_links":{"self":[{"href":"https:\/\/www.sudoestehoje.com.br\/novoportal\/wp-json\/wp\/v2\/posts\/14085","targetHints":{"allow":["GET"]}}],"collection":[{"href":"https:\/\/www.sudoestehoje.com.br\/novoportal\/wp-json\/wp\/v2\/posts"}],"about":[{"href":"https:\/\/www.sudoestehoje.com.br\/novoportal\/wp-json\/wp\/v2\/types\/post"}],"author":[{"embeddable":true,"href":"https:\/\/www.sudoestehoje.com.br\/novoportal\/wp-json\/wp\/v2\/users\/2"}],"replies":[{"embeddable":true,"href":"https:\/\/www.sudoestehoje.com.br\/novoportal\/wp-json\/wp\/v2\/comments?post=14085"}],"version-history":[{"count":2,"href":"https:\/\/www.sudoestehoje.com.br\/novoportal\/wp-json\/wp\/v2\/posts\/14085\/revisions"}],"predecessor-version":[{"id":14087,"href":"https:\/\/www.sudoestehoje.com.br\/novoportal\/wp-json\/wp\/v2\/posts\/14085\/revisions\/14087"}],"wp:attachment":[{"href":"https:\/\/www.sudoestehoje.com.br\/novoportal\/wp-json\/wp\/v2\/media?parent=14085"}],"wp:term":[{"taxonomy":"category","embeddable":true,"href":"https:\/\/www.sudoestehoje.com.br\/novoportal\/wp-json\/wp\/v2\/categories?post=14085"},{"taxonomy":"post_tag","embeddable":true,"href":"https:\/\/www.sudoestehoje.com.br\/novoportal\/wp-json\/wp\/v2\/tags?post=14085"}],"curies":[{"name":"wp","href":"https:\/\/api.w.org\/{rel}","templated":true}]}}