
{"id":14081,"date":"2012-03-27T10:05:24","date_gmt":"2012-03-27T13:05:24","guid":{"rendered":"http:\/\/www.sudoestehoje.com.br\/novoportal\/?p=14081"},"modified":"2012-03-28T00:33:39","modified_gmt":"2012-03-28T03:33:39","slug":"expoconquista-a-espera-de-recordes","status":"publish","type":"post","link":"https:\/\/www.sudoestehoje.com.br\/novoportal\/2012\/03\/27\/expoconquista-a-espera-de-recordes\/","title":{"rendered":"EXPOCONQUISTA \u00c0 ESPERA DE RECORDES"},"content":{"rendered":"<p><img decoding=\"async\" class=\"aligncenter\" src=\"http:\/\/perlbal.hi-pi.com\/blog-images\/780510\/gd\/133275855832\/Primeira-noite-de-Rodeio-agita-a-arena-da-Expoconquista-2012.jpg\" alt=\"\" width=\"500\" \/><\/p>\n<p><a href=\"http:\/\/www.sudoestehoje.com.br\/novoportal\/wp-content\/uploads\/2012\/03\/GEDC0968.jpg\"><img loading=\"lazy\" decoding=\"async\" class=\"aligncenter size-medium wp-image-14098\" title=\"GEDC0968\" src=\"http:\/\/www.sudoestehoje.com.br\/novoportal\/wp-content\/uploads\/2012\/03\/GEDC0968-500x281.jpg\" alt=\"\" width=\"500\" height=\"281\" srcset=\"https:\/\/www.sudoestehoje.com.br\/novoportal\/wp-content\/uploads\/2012\/03\/GEDC0968-500x281.jpg 500w, https:\/\/www.sudoestehoje.com.br\/novoportal\/wp-content\/uploads\/2012\/03\/GEDC0968-1024x576.jpg 1024w, https:\/\/www.sudoestehoje.com.br\/novoportal\/wp-content\/uploads\/2012\/03\/GEDC0968.jpg 1920w\" sizes=\"auto, (max-width: 500px) 100vw, 500px\" \/><\/a><\/p>\n<p>VIT\u00d3RIA DA CONQUISTA: A ExpoConquista, reconhecida como a feira de neg\u00f3cios que mais cresce na Bahia, pode alcan\u00e7ar recordes at\u00e9 o pr\u00f3ximo dia 1\u00ba. O evento, que se realiza no Parque de Exposi\u00e7\u00f5es Teopompo de Almeida, conta com mais de de 200 mil metros quadrados de \u00e1rea voltados aos expositores, onde parcerias\u00a0 e neg\u00f3cios s\u00e3o fechados nos mais de 400 estandes.<\/p>\n<p>A expectativa da organiza\u00e7\u00e3o \u00e9 que a quantia movimentada em neg\u00f3cios supere R$ 85 milh\u00f5es, atingindo um p\u00fablico estimado em 230 mil pessoas. A ExpoConquista re\u00fane neg\u00f3cios dos ramos da ind\u00fastria, agropecu\u00e1ria, com\u00e9rcio, servi\u00e7os e leil\u00f5es, al\u00e9m de oferecer parque de divers\u00f5es e shows de Calcinha Preta e Zez\u00e9 di Camargo e Luciano.<\/p>\n<p>Os visitantes podem conhecer tamb\u00e9m o sucesso de experi\u00eancias bem-sucedidas em diversos ramos de atividades por empresas p\u00fablicas e privadas, degustar os produtos da agricultura familiar fabricados por seis cooperativas apoiadas pelo governo estadual.<\/p>\n","protected":false},"excerpt":{"rendered":"<p>VIT\u00d3RIA DA CONQUISTA: A ExpoConquista, reconhecida como a feira de neg\u00f3cios que mais cresce na Bahia, pode alcan\u00e7ar recordes at\u00e9 o pr\u00f3ximo dia 1\u00ba. O evento, que se realiza no Parque de Exposi\u00e7\u00f5es Teopompo de Almeida, conta com mais de de 200 mil metros quadrados de \u00e1rea voltados aos expositores, onde parcerias\u00a0 e neg\u00f3cios s\u00e3o [&hellip;]<\/p>\n","protected":false},"author":2,"featured_media":0,"comment_status":"open","ping_status":"open","sticky":false,"template":"","format":"standard","meta":{"footnotes":"","_links_to":"","_links_to_target":""},"categories":[1],"tags":[],"class_list":["post-14081","post","type-post","status-publish","format-standard","hentry","category-geral"],"views":1784,"_links":{"self":[{"href":"https:\/\/www.sudoestehoje.com.br\/novoportal\/wp-json\/wp\/v2\/posts\/14081","targetHints":{"allow":["GET"]}}],"collection":[{"href":"https:\/\/www.sudoestehoje.com.br\/novoportal\/wp-json\/wp\/v2\/posts"}],"about":[{"href":"https:\/\/www.sudoestehoje.com.br\/novoportal\/wp-json\/wp\/v2\/types\/post"}],"author":[{"embeddable":true,"href":"https:\/\/www.sudoestehoje.com.br\/novoportal\/wp-json\/wp\/v2\/users\/2"}],"replies":[{"embeddable":true,"href":"https:\/\/www.sudoestehoje.com.br\/novoportal\/wp-json\/wp\/v2\/comments?post=14081"}],"version-history":[{"count":4,"href":"https:\/\/www.sudoestehoje.com.br\/novoportal\/wp-json\/wp\/v2\/posts\/14081\/revisions"}],"predecessor-version":[{"id":14083,"href":"https:\/\/www.sudoestehoje.com.br\/novoportal\/wp-json\/wp\/v2\/posts\/14081\/revisions\/14083"}],"wp:attachment":[{"href":"https:\/\/www.sudoestehoje.com.br\/novoportal\/wp-json\/wp\/v2\/media?parent=14081"}],"wp:term":[{"taxonomy":"category","embeddable":true,"href":"https:\/\/www.sudoestehoje.com.br\/novoportal\/wp-json\/wp\/v2\/categories?post=14081"},{"taxonomy":"post_tag","embeddable":true,"href":"https:\/\/www.sudoestehoje.com.br\/novoportal\/wp-json\/wp\/v2\/tags?post=14081"}],"curies":[{"name":"wp","href":"https:\/\/api.w.org\/{rel}","templated":true}]}}