
{"id":14075,"date":"2012-03-27T09:34:21","date_gmt":"2012-03-27T12:34:21","guid":{"rendered":"http:\/\/www.sudoestehoje.com.br\/novoportal\/?p=14075"},"modified":"2012-03-27T09:34:21","modified_gmt":"2012-03-27T12:34:21","slug":"jornal-nacional-critica-fardamento-com-chip-nas-escolas-de-vitoria-da-conquista","status":"publish","type":"post","link":"https:\/\/www.sudoestehoje.com.br\/novoportal\/2012\/03\/27\/jornal-nacional-critica-fardamento-com-chip-nas-escolas-de-vitoria-da-conquista\/","title":{"rendered":"JORNAL NACIONAL CRITICA FARDAMENTO COM &#8216;CHIP&#8217; NAS ESCOLAS DE VIT\u00d3RIA DA CONQUISTA"},"content":{"rendered":"<p><img decoding=\"async\" class=\"aligncenter\" src=\"http:\/\/www.substantivoplural.com.br\/wp-content\/uploads\/2011\/12\/bonner.jpg\" alt=\"\" width=\"500\" \/><\/p>\n<p>&nbsp;<\/p>\n<p>VIT\u00d3RIA DA CONQUISTA: Na noite desta 2\u00aa feira (26), o Jornal Nacional da TV Globo, divulgou mat\u00e9ria feita em Vit\u00f3ria da Conquista sobre o fardamento que a Prefeitura de Vit\u00f3ria da Conquista pretende implantar na cidade. O investimento de mais de R$ 1,2 milh\u00e3o, tem a clara inten\u00e7\u00e3o de tentar reverter a imagem negativa, do p\u00edfio desempenho da Prefeitura em Educa\u00e7\u00e3o B\u00e1sica dos alunos das escolas municipais.<\/p>\n<p>Na mat\u00e9ria foram divulgados dados j\u00e1 revelados pela Revista Veja, que a Educa\u00e7\u00e3o B\u00e1sica, obteve o pior desempenho do Brasil nas cidades de mais de 200 mil habitantes. O professor Cl\u00e1udio Nunes, \u00a0 mostrou na reportagem qual o verdadeiro caminho para que a administra\u00e7\u00e3o municipal possa reverter este triste quadro revelado pelo \u00a0MEC. \u00a0( Ideb \u2013 \u00cdndice de Desenvolvimento da Educa\u00e7\u00e3o B\u00e1sica).<\/p>\n<p>Em mat\u00e9ria publicada \u00a0no decorrer da semana, o <em>Sudoeste Hoje<\/em> j\u00e1 chamava \u00e0 aten\u00e7\u00e3o para este fato. Confira a reportagem do Jornal Nacional<\/p>\n<p><a href=\"http:\/\/g1.globo.com\/jornal-nacional\/videos\/t\/edicoes\/v\/escola-da-bahia-ganha-reforco-tecnologico-para-evitar-falta-de-alunos\/1875375\/\" rel=\"bookmark\" target=\"_blank\">Escola da Bahia usa chip<br \/>\npara evitar falta de alunos<\/a><\/p>\n","protected":false},"excerpt":{"rendered":"<p>&nbsp; VIT\u00d3RIA DA CONQUISTA: Na noite desta 2\u00aa feira (26), o Jornal Nacional da TV Globo, divulgou mat\u00e9ria feita em Vit\u00f3ria da Conquista sobre o fardamento que a Prefeitura de Vit\u00f3ria da Conquista pretende implantar na cidade. O investimento de mais de R$ 1,2 milh\u00e3o, tem a clara inten\u00e7\u00e3o de tentar reverter a imagem negativa, [&hellip;]<\/p>\n","protected":false},"author":2,"featured_media":0,"comment_status":"open","ping_status":"open","sticky":false,"template":"","format":"standard","meta":{"footnotes":"","_links_to":"","_links_to_target":""},"categories":[1],"tags":[],"class_list":["post-14075","post","type-post","status-publish","format-standard","hentry","category-geral"],"views":1666,"_links":{"self":[{"href":"https:\/\/www.sudoestehoje.com.br\/novoportal\/wp-json\/wp\/v2\/posts\/14075","targetHints":{"allow":["GET"]}}],"collection":[{"href":"https:\/\/www.sudoestehoje.com.br\/novoportal\/wp-json\/wp\/v2\/posts"}],"about":[{"href":"https:\/\/www.sudoestehoje.com.br\/novoportal\/wp-json\/wp\/v2\/types\/post"}],"author":[{"embeddable":true,"href":"https:\/\/www.sudoestehoje.com.br\/novoportal\/wp-json\/wp\/v2\/users\/2"}],"replies":[{"embeddable":true,"href":"https:\/\/www.sudoestehoje.com.br\/novoportal\/wp-json\/wp\/v2\/comments?post=14075"}],"version-history":[{"count":4,"href":"https:\/\/www.sudoestehoje.com.br\/novoportal\/wp-json\/wp\/v2\/posts\/14075\/revisions"}],"predecessor-version":[{"id":14079,"href":"https:\/\/www.sudoestehoje.com.br\/novoportal\/wp-json\/wp\/v2\/posts\/14075\/revisions\/14079"}],"wp:attachment":[{"href":"https:\/\/www.sudoestehoje.com.br\/novoportal\/wp-json\/wp\/v2\/media?parent=14075"}],"wp:term":[{"taxonomy":"category","embeddable":true,"href":"https:\/\/www.sudoestehoje.com.br\/novoportal\/wp-json\/wp\/v2\/categories?post=14075"},{"taxonomy":"post_tag","embeddable":true,"href":"https:\/\/www.sudoestehoje.com.br\/novoportal\/wp-json\/wp\/v2\/tags?post=14075"}],"curies":[{"name":"wp","href":"https:\/\/api.w.org\/{rel}","templated":true}]}}