
{"id":14069,"date":"2012-03-27T08:34:30","date_gmt":"2012-03-27T11:34:30","guid":{"rendered":"http:\/\/www.sudoestehoje.com.br\/novoportal\/?p=14069"},"modified":"2012-03-27T08:34:30","modified_gmt":"2012-03-27T11:34:30","slug":"prefeito-de-macarani-empossa-servidores-concursados","status":"publish","type":"post","link":"https:\/\/www.sudoestehoje.com.br\/novoportal\/2012\/03\/27\/prefeito-de-macarani-empossa-servidores-concursados\/","title":{"rendered":"PREFEITO DE MACARANI EMPOSSA SERVIDORES CONCURSADOS"},"content":{"rendered":"<div id=\"attachment_14070\" style=\"width: 510px\" class=\"wp-caption aligncenter\"><a href=\"http:\/\/www.sudoestehoje.com.br\/novoportal\/wp-content\/uploads\/2012\/03\/prefeito-Carlinhos-assinando-contrato.jpg\"><img loading=\"lazy\" decoding=\"async\" aria-describedby=\"caption-attachment-14070\" class=\"size-medium wp-image-14070\" title=\"prefeito Carlinhos assinando contrato\" src=\"http:\/\/www.sudoestehoje.com.br\/novoportal\/wp-content\/uploads\/2012\/03\/prefeito-Carlinhos-assinando-contrato-500x333.jpg\" alt=\"\" width=\"500\" height=\"333\" srcset=\"https:\/\/www.sudoestehoje.com.br\/novoportal\/wp-content\/uploads\/2012\/03\/prefeito-Carlinhos-assinando-contrato-500x333.jpg 500w, https:\/\/www.sudoestehoje.com.br\/novoportal\/wp-content\/uploads\/2012\/03\/prefeito-Carlinhos-assinando-contrato.jpg 600w\" sizes=\"auto, (max-width: 500px) 100vw, 500px\" \/><\/a><p id=\"caption-attachment-14070\" class=\"wp-caption-text\">Prefeito Carlinhos assinou contratos dos novos servidores aprovados em concurso p\u00fablico realizado pelo munic\u00edpio<\/p><\/div>\n<p>&nbsp;<\/p>\n<p>MACARANI: Na manh\u00e3 desta segunda-feira, 26, o prefeito de Macarani, Antonio Carlos Macedo (Carlinhos) empossou mais um grupo de concursados no processo seletivo realizado pela prefeitura. Desta vez assinaram contrato os classificados nos cargos de servi\u00e7os gerais, merendeiras e porteiros, da sede e dos distritos de Vila Izabel, Itabai e Vila das Gra\u00e7as, num total de 48. A cerim\u00f4nia aconteceu no sal\u00e3o de reuni\u00f5es do Pa\u00e7o Municipal e contou com as presen\u00e7as do Corregedor Municipal, Edson Vieira e do respons\u00e1vel pelo Departamento de Pessoal, Jo\u00e3o Almeida.<\/p>\n<p><a href=\"http:\/\/www.sudoestehoje.com.br\/novoportal\/wp-content\/uploads\/2012\/03\/MACARANI-CONC.jpg\"><img loading=\"lazy\" decoding=\"async\" class=\"aligncenter size-medium wp-image-14071\" title=\"MACARANI CONC\" src=\"http:\/\/www.sudoestehoje.com.br\/novoportal\/wp-content\/uploads\/2012\/03\/MACARANI-CONC-500x333.jpg\" alt=\"\" width=\"500\" height=\"333\" srcset=\"https:\/\/www.sudoestehoje.com.br\/novoportal\/wp-content\/uploads\/2012\/03\/MACARANI-CONC-500x333.jpg 500w, https:\/\/www.sudoestehoje.com.br\/novoportal\/wp-content\/uploads\/2012\/03\/MACARANI-CONC.jpg 600w\" sizes=\"auto, (max-width: 500px) 100vw, 500px\" \/><\/a><\/p>\n<p>Como nos atos anteriores, o chefe do executivo parabenizou os novos funcion\u00e1rios com palavras de incentivo e disse que eles agora faziam parte de um time vencedor; uma equipe respons\u00e1vel e que sente prazer no trabalho que exerce, pois conta com o respaldo da administra\u00e7\u00e3o. &#8220;Priorizar a popula\u00e7\u00e3o carente \u00e9 o lema do nosso governo e voc\u00eas que a partir de agora ingressam nessa equipe vencedora devem ter o mesmo prop\u00f3sito&#8221;, disse o prefeito Carlinhos, que tamb\u00e9m salientou o fato de n\u00e3o misturar pol\u00edtica com profissionalismo, por isso est\u00e1 chamando imediatamente os vencedores no concurso, para que n\u00e3o nenhuma conota\u00e7\u00e3o pol\u00edtica seja fomentada, por estarmos em ano eleitoral. &#8220;Eu n\u00e3o seria justo se mantivesse na prefeitura pessoas contratadas em detrimento de voc\u00eas que se esfor\u00e7aram nos estudos e conseguiram o passaporte para as vagas oferecidas pelo concurso. O emprego agora \u00e9 de voc\u00eas e nele ter\u00e1 obriga\u00e7\u00f5es e deveres at\u00e9 a aposentadoria&#8221;. Garantiu o gestor.<\/p>\n<p>O Corregedor Municipal, Edson Ribeiro, mais uma vez aproveitou da oportunidade para esclarecer as atribui\u00e7\u00f5es do seu cargo. Ele saudou os novos servidores e falou que nessa administra\u00e7\u00e3o n\u00e3o tem problemas de relacionamento entre o governo e funcion\u00e1rios.<\/p>\n<p><strong><em>Ascom Jota Santos<\/em><\/strong><\/p>\n","protected":false},"excerpt":{"rendered":"<p>&nbsp; MACARANI: Na manh\u00e3 desta segunda-feira, 26, o prefeito de Macarani, Antonio Carlos Macedo (Carlinhos) empossou mais um grupo de concursados no processo seletivo realizado pela prefeitura. Desta vez assinaram contrato os classificados nos cargos de servi\u00e7os gerais, merendeiras e porteiros, da sede e dos distritos de Vila Izabel, Itabai e Vila das Gra\u00e7as, num [&hellip;]<\/p>\n","protected":false},"author":2,"featured_media":0,"comment_status":"open","ping_status":"open","sticky":false,"template":"","format":"standard","meta":{"footnotes":"","_links_to":"","_links_to_target":""},"categories":[1],"tags":[],"class_list":["post-14069","post","type-post","status-publish","format-standard","hentry","category-geral"],"views":2656,"_links":{"self":[{"href":"https:\/\/www.sudoestehoje.com.br\/novoportal\/wp-json\/wp\/v2\/posts\/14069","targetHints":{"allow":["GET"]}}],"collection":[{"href":"https:\/\/www.sudoestehoje.com.br\/novoportal\/wp-json\/wp\/v2\/posts"}],"about":[{"href":"https:\/\/www.sudoestehoje.com.br\/novoportal\/wp-json\/wp\/v2\/types\/post"}],"author":[{"embeddable":true,"href":"https:\/\/www.sudoestehoje.com.br\/novoportal\/wp-json\/wp\/v2\/users\/2"}],"replies":[{"embeddable":true,"href":"https:\/\/www.sudoestehoje.com.br\/novoportal\/wp-json\/wp\/v2\/comments?post=14069"}],"version-history":[{"count":3,"href":"https:\/\/www.sudoestehoje.com.br\/novoportal\/wp-json\/wp\/v2\/posts\/14069\/revisions"}],"predecessor-version":[{"id":14074,"href":"https:\/\/www.sudoestehoje.com.br\/novoportal\/wp-json\/wp\/v2\/posts\/14069\/revisions\/14074"}],"wp:attachment":[{"href":"https:\/\/www.sudoestehoje.com.br\/novoportal\/wp-json\/wp\/v2\/media?parent=14069"}],"wp:term":[{"taxonomy":"category","embeddable":true,"href":"https:\/\/www.sudoestehoje.com.br\/novoportal\/wp-json\/wp\/v2\/categories?post=14069"},{"taxonomy":"post_tag","embeddable":true,"href":"https:\/\/www.sudoestehoje.com.br\/novoportal\/wp-json\/wp\/v2\/tags?post=14069"}],"curies":[{"name":"wp","href":"https:\/\/api.w.org\/{rel}","templated":true}]}}