
{"id":14038,"date":"2012-03-24T22:58:41","date_gmt":"2012-03-25T01:58:41","guid":{"rendered":"http:\/\/www.sudoestehoje.com.br\/novoportal\/?p=14038"},"modified":"2012-03-24T22:58:41","modified_gmt":"2012-03-25T01:58:41","slug":"itabuna-assembleia-itinerante-se-transformou-em-disputa-eleitoral","status":"publish","type":"post","link":"https:\/\/www.sudoestehoje.com.br\/novoportal\/2012\/03\/24\/itabuna-assembleia-itinerante-se-transformou-em-disputa-eleitoral\/","title":{"rendered":"ITABUNA: ASSEMBL\u00c9IA ITINERANTE SE TRANSFORMOU EM DISPUTA ELEITORAL"},"content":{"rendered":"<p><img decoding=\"async\" class=\"aligncenter\" src=\"http:\/\/www.politicalivre.com.br\/wp-content\/thumbgen_cache\/e23677b96a6966226d87766da3baa722.jpg\" alt=\"\" width=\"500\" \/><\/p>\n<p>&nbsp;<\/p>\n<p>Foi quente a sess\u00e3o da Assembleia anteontem em Itabuna. Em ano de elei\u00e7\u00e3o, se torna bossa de com\u00edcio. A enorme plateia foi formada por partid\u00e1rios do prefeito Capit\u00e3o Azevedo (DEM) e do deputado Geraldo Sim\u00f5es (PT), um grupo vaiando o outro. Os deputados da oposi\u00e7\u00e3o bateram forte no governador Jaques Wagner (PT), os governistas rebateram, mas o presidente Marcelo Nilo (PDT), avalia o resultado como positivo: \u201cO objetivo da Assembleia Itinerante \u00e9 aproximar o deputado do povo. Da\u00ed em diante, vence quem tem melhor discurso\u201d. As pr\u00f3ximas ser\u00e3o em Juazeiro e Jequi\u00e9. Ali\u00e1s, antes da sess\u00e3o come\u00e7ar, o clima j\u00e1 dava indicativos de alta temperatura. No \u00f4nibus que transportava os parlamentares para o almo\u00e7o, Gilberto Santana (PTN) e Rosemberg Pinto (PT) quase v\u00e3o \u00e0s vias de fato. O pomo da disc\u00f3rdia foi pol\u00edtico, \u00f3bvio. Santana, que \u00e9 ligado a Capit\u00e3o Azevedo, disparou veneno contra Geraldo a partir do document\u00e1rio \u201cO n\u00f3\u201d e Rosemberg contra-atacou. Quem viu disse que por muito pouco n\u00e3o virou caso de pol\u00edcia. (Tempo Presente\/A Tarde)<\/p>\n","protected":false},"excerpt":{"rendered":"<p>&nbsp; Foi quente a sess\u00e3o da Assembleia anteontem em Itabuna. Em ano de elei\u00e7\u00e3o, se torna bossa de com\u00edcio. A enorme plateia foi formada por partid\u00e1rios do prefeito Capit\u00e3o Azevedo (DEM) e do deputado Geraldo Sim\u00f5es (PT), um grupo vaiando o outro. Os deputados da oposi\u00e7\u00e3o bateram forte no governador Jaques Wagner (PT), os governistas [&hellip;]<\/p>\n","protected":false},"author":2,"featured_media":0,"comment_status":"open","ping_status":"open","sticky":false,"template":"","format":"standard","meta":{"footnotes":"","_links_to":"","_links_to_target":""},"categories":[1],"tags":[],"class_list":["post-14038","post","type-post","status-publish","format-standard","hentry","category-geral"],"views":1190,"_links":{"self":[{"href":"https:\/\/www.sudoestehoje.com.br\/novoportal\/wp-json\/wp\/v2\/posts\/14038","targetHints":{"allow":["GET"]}}],"collection":[{"href":"https:\/\/www.sudoestehoje.com.br\/novoportal\/wp-json\/wp\/v2\/posts"}],"about":[{"href":"https:\/\/www.sudoestehoje.com.br\/novoportal\/wp-json\/wp\/v2\/types\/post"}],"author":[{"embeddable":true,"href":"https:\/\/www.sudoestehoje.com.br\/novoportal\/wp-json\/wp\/v2\/users\/2"}],"replies":[{"embeddable":true,"href":"https:\/\/www.sudoestehoje.com.br\/novoportal\/wp-json\/wp\/v2\/comments?post=14038"}],"version-history":[{"count":2,"href":"https:\/\/www.sudoestehoje.com.br\/novoportal\/wp-json\/wp\/v2\/posts\/14038\/revisions"}],"predecessor-version":[{"id":14040,"href":"https:\/\/www.sudoestehoje.com.br\/novoportal\/wp-json\/wp\/v2\/posts\/14038\/revisions\/14040"}],"wp:attachment":[{"href":"https:\/\/www.sudoestehoje.com.br\/novoportal\/wp-json\/wp\/v2\/media?parent=14038"}],"wp:term":[{"taxonomy":"category","embeddable":true,"href":"https:\/\/www.sudoestehoje.com.br\/novoportal\/wp-json\/wp\/v2\/categories?post=14038"},{"taxonomy":"post_tag","embeddable":true,"href":"https:\/\/www.sudoestehoje.com.br\/novoportal\/wp-json\/wp\/v2\/tags?post=14038"}],"curies":[{"name":"wp","href":"https:\/\/api.w.org\/{rel}","templated":true}]}}