
{"id":14035,"date":"2012-03-24T21:42:50","date_gmt":"2012-03-25T00:42:50","guid":{"rendered":"http:\/\/www.sudoestehoje.com.br\/novoportal\/?p=14035"},"modified":"2012-03-24T21:42:50","modified_gmt":"2012-03-25T00:42:50","slug":"deputados-quase-saem-na-porrada-em-viagem-para-itabuna","status":"publish","type":"post","link":"https:\/\/www.sudoestehoje.com.br\/novoportal\/2012\/03\/24\/deputados-quase-saem-na-porrada-em-viagem-para-itabuna\/","title":{"rendered":"DEPUTADOS QUASE SAEM NA PORRADA EM VIAGEM PARA ITABUNA"},"content":{"rendered":"<p><img decoding=\"async\" class=\"aligncenter\" src=\"http:\/\/www.bahianoticias.com.br\/ckfinder\/userfiles\/images\/montagem.JPG\" alt=\"\" width=\"500\" \/><\/p>\n<p style=\"text-align: center;\"><em>Rosemberg Pinto e Gilberto Santana quase saem &#8216;na m\u00e3o&#8217;, dentro de um \u00f4nibus<\/em><\/p>\n<p>&nbsp;<\/p>\n<p>Os deputados estaduais Gilberto Santana (PTN) e Rosemberg Pinto (PT) quase sa\u00edram \u201cna m\u00e3o\u201d em viagem para Itabuna, nesta quinta-feira (22), como parte da programa\u00e7\u00e3o do projeto Assembleia Itinerante. Segundo a coluna Tempo Presente, do jornal A Tarde deste s\u00e1bado (24), a discuss\u00e3o come\u00e7ou no \u00f4nibus que levava os parlamentares para um almo\u00e7o no munic\u00edpio do sul baiano. Santana, que \u00e9 ligado ao prefeito da cidade, Capit\u00e3o Azevedo (DEM), teria provocado Rosemberg com coment\u00e1rios sobre o deputado Geraldo Sim\u00f5es, tamb\u00e9m do PT e pr\u00e9-candidato ao pleito municipal. Ap\u00f3s o contra-ataque petista, os colegas de Assembleia por pouco n\u00e3o chegaram \u00e0s vias de fatos, segundo testemunhas que ajudaram a acalmar os \u00e2nimos. Na sess\u00e3o da Assembleia, o clima tamb\u00e9m esquentou com vaias m\u00fatuas entre os grupos advers\u00e1rios.<\/p>\n","protected":false},"excerpt":{"rendered":"<p>Rosemberg Pinto e Gilberto Santana quase saem &#8216;na m\u00e3o&#8217;, dentro de um \u00f4nibus &nbsp; Os deputados estaduais Gilberto Santana (PTN) e Rosemberg Pinto (PT) quase sa\u00edram \u201cna m\u00e3o\u201d em viagem para Itabuna, nesta quinta-feira (22), como parte da programa\u00e7\u00e3o do projeto Assembleia Itinerante. Segundo a coluna Tempo Presente, do jornal A Tarde deste s\u00e1bado (24), [&hellip;]<\/p>\n","protected":false},"author":2,"featured_media":0,"comment_status":"open","ping_status":"open","sticky":false,"template":"","format":"standard","meta":{"footnotes":"","_links_to":"","_links_to_target":""},"categories":[1],"tags":[],"class_list":["post-14035","post","type-post","status-publish","format-standard","hentry","category-geral"],"views":1187,"_links":{"self":[{"href":"https:\/\/www.sudoestehoje.com.br\/novoportal\/wp-json\/wp\/v2\/posts\/14035","targetHints":{"allow":["GET"]}}],"collection":[{"href":"https:\/\/www.sudoestehoje.com.br\/novoportal\/wp-json\/wp\/v2\/posts"}],"about":[{"href":"https:\/\/www.sudoestehoje.com.br\/novoportal\/wp-json\/wp\/v2\/types\/post"}],"author":[{"embeddable":true,"href":"https:\/\/www.sudoestehoje.com.br\/novoportal\/wp-json\/wp\/v2\/users\/2"}],"replies":[{"embeddable":true,"href":"https:\/\/www.sudoestehoje.com.br\/novoportal\/wp-json\/wp\/v2\/comments?post=14035"}],"version-history":[{"count":2,"href":"https:\/\/www.sudoestehoje.com.br\/novoportal\/wp-json\/wp\/v2\/posts\/14035\/revisions"}],"predecessor-version":[{"id":14037,"href":"https:\/\/www.sudoestehoje.com.br\/novoportal\/wp-json\/wp\/v2\/posts\/14035\/revisions\/14037"}],"wp:attachment":[{"href":"https:\/\/www.sudoestehoje.com.br\/novoportal\/wp-json\/wp\/v2\/media?parent=14035"}],"wp:term":[{"taxonomy":"category","embeddable":true,"href":"https:\/\/www.sudoestehoje.com.br\/novoportal\/wp-json\/wp\/v2\/categories?post=14035"},{"taxonomy":"post_tag","embeddable":true,"href":"https:\/\/www.sudoestehoje.com.br\/novoportal\/wp-json\/wp\/v2\/tags?post=14035"}],"curies":[{"name":"wp","href":"https:\/\/api.w.org\/{rel}","templated":true}]}}