
{"id":14030,"date":"2012-03-24T19:47:19","date_gmt":"2012-03-24T22:47:19","guid":{"rendered":"http:\/\/www.sudoestehoje.com.br\/novoportal\/?p=14030"},"modified":"2012-03-25T12:52:20","modified_gmt":"2012-03-25T15:52:20","slug":"itambe-prefeito-do-pmdb-e-vaiado-no-palanque-de-wagner","status":"publish","type":"post","link":"https:\/\/www.sudoestehoje.com.br\/novoportal\/2012\/03\/24\/itambe-prefeito-do-pmdb-e-vaiado-no-palanque-de-wagner\/","title":{"rendered":"ITAMB\u00c9: PREFEITO DO PMDB \u00c9 VAIADO NO PALANQUE DE WAGNER"},"content":{"rendered":"<p><img decoding=\"async\" class=\"aligncenter\" src=\"http:\/\/www.blogdoanderson.com\/v2\/wp-content\/uploads\/2012\/03\/DSC_01151.jpg\" alt=\"\" \/><\/p>\n<p style=\"text-align: center;\"><em>Moacir foi vaiado por petistas na inaugura\u00e7\u00e3o da BA-263<\/em><\/p>\n<p>&nbsp;<\/p>\n<p>ITAMB\u00c9: O governador Jaques Wagner e o seu vice, Otto Alencar, que tamb\u00e9m \u00e9 secret\u00e1rio estadual de Infraestrutura, tiveram que conter os \u00e2nimos da plat\u00e9ia, que interrompeu o discurso do prefeito de Itamb\u00e9,\u00a0Moacir\u00a0Andrade (PMDB) com vaias e xingamentos, ao meio dia deste s\u00e1bado (24), no ato de inaugura\u00e7\u00e3o da BA-263. \u201c<em>Isto aqui n\u00e3o \u00e9 um palanque eleitoral, \u00e9 um palanque administrativo. Quem a gente gosta, quem \u00e9 a nossa paix\u00e3o, a gente bate palmas, quem n\u00e3o \u00e9, a gente fica quieto\u201d,<\/em>\u00a0disse Wagner que foi aclamado, Em seguida, o prefeito Moacir voltou \u00e0 sua fala, acompanhada de uma queima de fogos.<\/p>\n<p><img decoding=\"async\" class=\"aligncenter\" src=\"http:\/\/www.blogdoanderson.com\/v2\/wp-content\/uploads\/2012\/03\/DSC_0092-002.jpg\" alt=\"\" \/><\/p>\n<p>Uma eleitora embriagado e v\u00e1rios pol\u00edticos da oposi\u00e7\u00e3o, n\u00e3o deram sossego ao prefeito Moacir Andrade (PMDB) no ato de entrega do trecho da BA-263, que liga o munic\u00edpio de Itamb\u00e9 a Vit\u00f3ria da Conquista, ao meio dia desse s\u00e1bado (24). A todo instante uma mulher se dirigia ao palanque de tapeava o prefeito de Itamb\u00e9, e ele respondia com a mesma moeda. \u00a0Em um determinado momento, o peemedebista pediu silencio ao itambeenses do barulho, mas com tantas vaias na hora do seu discurso foi preciso \u00e0s interven\u00e7\u00f5es do governador Jaques Wagner e o vice Otto Alencar, que com muita maestria acalmaram o povo.<\/p>\n<p><strong><em>Blog do Anderson<\/em><\/strong><\/p>\n","protected":false},"excerpt":{"rendered":"<p>Moacir foi vaiado por petistas na inaugura\u00e7\u00e3o da BA-263 &nbsp; ITAMB\u00c9: O governador Jaques Wagner e o seu vice, Otto Alencar, que tamb\u00e9m \u00e9 secret\u00e1rio estadual de Infraestrutura, tiveram que conter os \u00e2nimos da plat\u00e9ia, que interrompeu o discurso do prefeito de Itamb\u00e9,\u00a0Moacir\u00a0Andrade (PMDB) com vaias e xingamentos, ao meio dia deste s\u00e1bado (24), no [&hellip;]<\/p>\n","protected":false},"author":2,"featured_media":0,"comment_status":"open","ping_status":"open","sticky":false,"template":"","format":"standard","meta":{"footnotes":"","_links_to":"","_links_to_target":""},"categories":[1],"tags":[],"class_list":["post-14030","post","type-post","status-publish","format-standard","hentry","category-geral"],"views":1262,"_links":{"self":[{"href":"https:\/\/www.sudoestehoje.com.br\/novoportal\/wp-json\/wp\/v2\/posts\/14030","targetHints":{"allow":["GET"]}}],"collection":[{"href":"https:\/\/www.sudoestehoje.com.br\/novoportal\/wp-json\/wp\/v2\/posts"}],"about":[{"href":"https:\/\/www.sudoestehoje.com.br\/novoportal\/wp-json\/wp\/v2\/types\/post"}],"author":[{"embeddable":true,"href":"https:\/\/www.sudoestehoje.com.br\/novoportal\/wp-json\/wp\/v2\/users\/2"}],"replies":[{"embeddable":true,"href":"https:\/\/www.sudoestehoje.com.br\/novoportal\/wp-json\/wp\/v2\/comments?post=14030"}],"version-history":[{"count":5,"href":"https:\/\/www.sudoestehoje.com.br\/novoportal\/wp-json\/wp\/v2\/posts\/14030\/revisions"}],"predecessor-version":[{"id":14032,"href":"https:\/\/www.sudoestehoje.com.br\/novoportal\/wp-json\/wp\/v2\/posts\/14030\/revisions\/14032"}],"wp:attachment":[{"href":"https:\/\/www.sudoestehoje.com.br\/novoportal\/wp-json\/wp\/v2\/media?parent=14030"}],"wp:term":[{"taxonomy":"category","embeddable":true,"href":"https:\/\/www.sudoestehoje.com.br\/novoportal\/wp-json\/wp\/v2\/categories?post=14030"},{"taxonomy":"post_tag","embeddable":true,"href":"https:\/\/www.sudoestehoje.com.br\/novoportal\/wp-json\/wp\/v2\/tags?post=14030"}],"curies":[{"name":"wp","href":"https:\/\/api.w.org\/{rel}","templated":true}]}}