
{"id":14027,"date":"2012-03-24T19:42:46","date_gmt":"2012-03-24T22:42:46","guid":{"rendered":"http:\/\/www.sudoestehoje.com.br\/novoportal\/?p=14027"},"modified":"2012-03-24T19:42:46","modified_gmt":"2012-03-24T22:42:46","slug":"governador-inaugura-recuperacao-da-ba-263-entre-itambe-e-conquista","status":"publish","type":"post","link":"https:\/\/www.sudoestehoje.com.br\/novoportal\/2012\/03\/24\/governador-inaugura-recuperacao-da-ba-263-entre-itambe-e-conquista\/","title":{"rendered":"GOVERNADOR INAUGURA RECUPERA\u00c7\u00c3O DA BA-263, ENTRE ITAMB\u00c9 E CONQUISTA"},"content":{"rendered":"<p><img loading=\"lazy\" decoding=\"async\" class=\"aligncenter\" src=\"http:\/\/www.blogdoanderson.com\/v2\/wp-content\/uploads\/2012\/03\/DSC_0157-002.jpg\" alt=\"\" width=\"500\" height=\"335\" \/><\/p>\n<p>&nbsp;<\/p>\n<p>ITAMB\u00c9: O trecho da BA-263, que liga o munic\u00edpio de Itamb\u00e9 a Vit\u00f3ria da Conquista, foi entregue neste s\u00e1bado (24) totalmente recuperado pelo governador Jaques Wagner e pelo vice-governador e secret\u00e1rio de Infraestrutura, Otto Alencar. Os 59 quil\u00f4metros de extens\u00e3o tiveram investimentos de R$ 29 milh\u00f5es, beneficiando 731 mil pessoas de Itamb\u00e9, Vit\u00f3ria da Conquista, Itapetinga e Livramento de Nossa Senhora. No trecho, circulam em m\u00e9dia 1,5 mil ve\u00edculos por dia. A obra faz parte do Programa de Restaura\u00e7\u00e3o e Manuten\u00e7\u00e3o de Rodovias (Premar), desenvolvido pelo governo do Estado e financiado pelo Banco Internacional para Reconstru\u00e7\u00e3o e Desenvolvimento (BIRD). Ainda na regi\u00e3o, foi inaugurado o trecho da BR-415 que liga o munic\u00edpio de Barra do Cho\u00e7a ao distrito de Barra Nova. Foram 14 quil\u00f4metros constru\u00eddos com recursos da ordem de R$ 3,5 milh\u00f5es, beneficiando 40 mil pessoas de Barra do Cho\u00e7a, Caatiba e Vit\u00f3ria da Conquista.<\/p>\n<p><em>Blog do Anderson<\/em><\/p>\n","protected":false},"excerpt":{"rendered":"<p>&nbsp; ITAMB\u00c9: O trecho da BA-263, que liga o munic\u00edpio de Itamb\u00e9 a Vit\u00f3ria da Conquista, foi entregue neste s\u00e1bado (24) totalmente recuperado pelo governador Jaques Wagner e pelo vice-governador e secret\u00e1rio de Infraestrutura, Otto Alencar. Os 59 quil\u00f4metros de extens\u00e3o tiveram investimentos de R$ 29 milh\u00f5es, beneficiando 731 mil pessoas de Itamb\u00e9, Vit\u00f3ria da [&hellip;]<\/p>\n","protected":false},"author":2,"featured_media":0,"comment_status":"open","ping_status":"open","sticky":false,"template":"","format":"standard","meta":{"footnotes":"","_links_to":"","_links_to_target":""},"categories":[1],"tags":[],"class_list":["post-14027","post","type-post","status-publish","format-standard","hentry","category-geral"],"views":1468,"_links":{"self":[{"href":"https:\/\/www.sudoestehoje.com.br\/novoportal\/wp-json\/wp\/v2\/posts\/14027","targetHints":{"allow":["GET"]}}],"collection":[{"href":"https:\/\/www.sudoestehoje.com.br\/novoportal\/wp-json\/wp\/v2\/posts"}],"about":[{"href":"https:\/\/www.sudoestehoje.com.br\/novoportal\/wp-json\/wp\/v2\/types\/post"}],"author":[{"embeddable":true,"href":"https:\/\/www.sudoestehoje.com.br\/novoportal\/wp-json\/wp\/v2\/users\/2"}],"replies":[{"embeddable":true,"href":"https:\/\/www.sudoestehoje.com.br\/novoportal\/wp-json\/wp\/v2\/comments?post=14027"}],"version-history":[{"count":2,"href":"https:\/\/www.sudoestehoje.com.br\/novoportal\/wp-json\/wp\/v2\/posts\/14027\/revisions"}],"predecessor-version":[{"id":14029,"href":"https:\/\/www.sudoestehoje.com.br\/novoportal\/wp-json\/wp\/v2\/posts\/14027\/revisions\/14029"}],"wp:attachment":[{"href":"https:\/\/www.sudoestehoje.com.br\/novoportal\/wp-json\/wp\/v2\/media?parent=14027"}],"wp:term":[{"taxonomy":"category","embeddable":true,"href":"https:\/\/www.sudoestehoje.com.br\/novoportal\/wp-json\/wp\/v2\/categories?post=14027"},{"taxonomy":"post_tag","embeddable":true,"href":"https:\/\/www.sudoestehoje.com.br\/novoportal\/wp-json\/wp\/v2\/tags?post=14027"}],"curies":[{"name":"wp","href":"https:\/\/api.w.org\/{rel}","templated":true}]}}