
{"id":14021,"date":"2012-03-24T10:13:26","date_gmt":"2012-03-24T13:13:26","guid":{"rendered":"http:\/\/www.sudoestehoje.com.br\/novoportal\/?p=14021"},"modified":"2012-03-24T10:15:07","modified_gmt":"2012-03-24T13:15:07","slug":"manifesto-psb-itapetinga","status":"publish","type":"post","link":"https:\/\/www.sudoestehoje.com.br\/novoportal\/2012\/03\/24\/manifesto-psb-itapetinga\/","title":{"rendered":"MANIFESTO PSB ITAPETINGA"},"content":{"rendered":"<p><img decoding=\"async\" class=\"aligncenter\" src=\"http:\/\/4.bp.blogspot.com\/-sOpNPo5gWCo\/T23AbKuaHZI\/AAAAAAAAAU8\/RcGRMYocPBA\/s320\/ASCOM.jpg\" alt=\"\" \/><\/p>\n<p>&nbsp;<\/p>\n<p>Objetivando virar uma p\u00e1gina antiga da hist\u00f3ria pol\u00edtica de Itapetinga, onde a forma de ganhar elei\u00e7\u00e3o e administrar o munic\u00edpio se repete h\u00e1 anos, o PSB de Itapetinga apresenta sua opini\u00e3o sobre o processo eleitoral e define seus pr\u00e9-candidatos para 2012. Vamos para disputa com a certeza de que na hist\u00f3ria de Itapetinga houve iniciativas para mudar os rumos da pol\u00edtica da cidade que se esbarrou, quase sempre, na coopta\u00e7\u00e3o pelos poderosos da direita, de l\u00edderes oposicionistas que tinha um projeto popular, fazendo com que o povo humilde e trabalhador de Itapetinga ficasse fora do poder. <em>CONTINUE LENDO&#8230;<\/em><\/p>\n<p><!--more--><\/p>\n<div>O resgate desse projeto popular \u00e9 ponto principal para que possamos direcionar a administra\u00e7\u00e3o p\u00fablica municipal, na defesa intransigente dos interesses democr\u00e1ticos da sociedade fazendo valer uma pol\u00edtica social que proteja a popula\u00e7\u00e3o mais necessitada de nossa comunidade; oferecendo uma boa sa\u00fade p\u00fablica, escolas e educa\u00e7\u00e3o de qualidade, moradia digna e trabalho. Esses pontos s\u00e3o fundamentais para atingirmos uma boa qualidade de vida para nossa popula\u00e7\u00e3o. Nessa linha o PSB de Itapetinga senta para conversar com todas as for\u00e7as pol\u00edticas que se comprometem com uma administra\u00e7\u00e3o \u00e9tica e popular; com o pensamento priorit\u00e1rio em discutir programa de governo e n\u00e3o simplesmente nomes e cargos.<\/div>\n<div>Pr\u00e1tica antiga no processo pol\u00edtico eleitoral de Itapetinga n\u00e3o pode repetir mais. Os ricos e fazendeiros dominam o cen\u00e1rio pol\u00edtico at\u00e9 hoje e s\u00e3o herdeiros desse modo atrasada de administrar. Desse jeito Incuti no cidad\u00e3o trabalhador de pouca informa\u00e7\u00e3o, a id\u00e9ia de que para candidatar-se a prefeito \u00e9 necess\u00e1rio ser rico, fazendeiro ou m\u00e9dico. Fruto disso Itapetinga foi transformada em um exemplo de m\u00e1 gest\u00e3o: p\u00e9ssima administra\u00e7\u00e3o p\u00fablica, incompetente e cheia de denuncias de desvios de verba, associado a um desenvolvimento industrial, que pela fraqueza pol\u00edtica se encontra em crise fechando f\u00e1bricas e posto de trabalho. Verificamos tamb\u00e9m a sa\u00edda de importantes \u00f3rg\u00e3os p\u00fablicos do munic\u00edpio. Na vis\u00e3o desses gestores n\u00e3o h\u00e1 nada de errado, pois o pensamento desses senhores \u00e9 administrar para os ricos, empregar e saciar a fome de seus cabos eleitorais, deixando o povo fora do bolo! Isto tem que mudar!<\/div>\n<div>Guiado por esse pensamento o Partido Socialista Brasileiro \u2013 PSB de Itapetinga apresenta para toda a comunidade seus pr\u00e9-candidatos a Prefeito e a Vereadores. S\u00e3o os seguintes nomes que v\u00e3o para a homologa\u00e7\u00e3o na conven\u00e7\u00e3o de junho de 2012.<\/div>\n<div><\/div>\n<div align=\"center\"><strong>Pr\u00e9-candidato a prefeito:<\/strong><\/div>\n<div>JORGE FERREIRA RODRIGUES (<em>Jorge Pantera<\/em>), pedagogo, funcion\u00e1rio p\u00fablico e l\u00edder sindical.<\/div>\n<div><\/div>\n<div align=\"center\"><strong>Pr\u00e9-candidatos a vereadores:<\/strong><\/div>\n<div>ADILSON PORTO, comerci\u00e1rio;<\/div>\n<div>CLEBER BRUNELO, pequeno empres\u00e1rio e representante comercial;<\/div>\n<div>DED\u00c9 MORAIS, vereador e comerci\u00e1rio;<\/div>\n<div>DERIVAL SANTOS, servidor p\u00fablico municipal\/estadual e lideran\u00e7a cat\u00f3lica;<\/div>\n<div>DOG\u00c3O DO SINDICATO, funcion\u00e1rio p\u00fablico, presidente do SINDITATIBA (sindicato dos servidores municipais);<\/div>\n<div>EUZ\u00c9BIO SAMPAIO, professor, conselheiro tutelar;<\/div>\n<div>FERNADO VIANA, assistente social, servidor p\u00fablico estadual e 4\u00ba suplente;<\/div>\n<div>GILVAM FISCAL, pedagogo 2\u00ba suplente de vereador, servidor p\u00fablico estadual;<\/div>\n<div>HIGRO SOUZA, professor e l\u00edder evang\u00e9lico;<\/div>\n<div>JOILSON OLIVEIRA, trabalhador da Vulcabras\/Azaleia, estudante;<\/div>\n<div>JONILSON GON\u00c7ALVES, trabalhador p\u00fablico municipal;<\/div>\n<div>JOSIAS PAIX\u00c3O, catador de material recicl\u00e1vel e jardineiro;<\/div>\n<div>JOVENICE SANTANA, trabalhadora da Vulcabras\/Azaleia, l\u00edder sindical;<\/div>\n<div>J\u00daNIOR ENFERMEIRO, funcion\u00e1rio p\u00fablico municipal;<\/div>\n<div>LUIZA POMPONET BITENCURT, l\u00edder comunit\u00e1rio cat\u00f3lico;<\/div>\n<div>LINDA DE Z\u00c9 BARBOSA, m\u00fasico e assistente de seguran\u00e7a;<\/div>\n<div>NEM DO T\u00c1XI, motorista\/empres\u00e1rio;<\/div>\n<div>REGI SOM, empres\u00e1rio e l\u00edder de bairro;<\/div>\n<div>ROBERTO SOM, empres\u00e1rio de comunica\u00e7\u00e3o;<\/div>\n<div>TAT\u00c1 DO DETRAN, instrutor de habilita\u00e7\u00e3o e funcion\u00e1rio p\u00fablico estadual;<\/div>\n<div>VAV\u00c1 CONTADOR, contador e empres\u00e1rio.<\/div>\n<div><\/div>\n<div>Por fim, salientamos que nossa compreens\u00e3o da pol\u00edtica tem como base uma determina\u00e7\u00e3o de que ela (pol\u00edtica) foi criada para estabelecer regras de conviv\u00eancia social, direcionando os recursos coletivos para a camada da popula\u00e7\u00e3o mais necessitada, evitando o desvio e a corrup\u00e7\u00e3o nas administra\u00e7\u00f5es p\u00fablicas; assim como a presta\u00e7\u00e3o de contas e gest\u00e3o p\u00fablica baseados nos princ\u00edpios constitucionais da RAZOABILIDADE, IMPESSOALIDADE, TRANSPAR\u00caNCIA, ECONOMICIDADE, PUBLICIDADE E EFICI\u00caNCIA.<\/div>\n<div align=\"center\">ITAPETINGA \u2013 BAHIA<\/div>\n<div align=\"center\">MAR\u00c7O\/2012<\/div>\n","protected":false},"excerpt":{"rendered":"<p>&nbsp; Objetivando virar uma p\u00e1gina antiga da hist\u00f3ria pol\u00edtica de Itapetinga, onde a forma de ganhar elei\u00e7\u00e3o e administrar o munic\u00edpio se repete h\u00e1 anos, o PSB de Itapetinga apresenta sua opini\u00e3o sobre o processo eleitoral e define seus pr\u00e9-candidatos para 2012. Vamos para disputa com a certeza de que na hist\u00f3ria de Itapetinga houve [&hellip;]<\/p>\n","protected":false},"author":2,"featured_media":0,"comment_status":"open","ping_status":"open","sticky":false,"template":"","format":"standard","meta":{"footnotes":"","_links_to":"","_links_to_target":""},"categories":[1],"tags":[],"class_list":["post-14021","post","type-post","status-publish","format-standard","hentry","category-geral"],"views":1583,"_links":{"self":[{"href":"https:\/\/www.sudoestehoje.com.br\/novoportal\/wp-json\/wp\/v2\/posts\/14021","targetHints":{"allow":["GET"]}}],"collection":[{"href":"https:\/\/www.sudoestehoje.com.br\/novoportal\/wp-json\/wp\/v2\/posts"}],"about":[{"href":"https:\/\/www.sudoestehoje.com.br\/novoportal\/wp-json\/wp\/v2\/types\/post"}],"author":[{"embeddable":true,"href":"https:\/\/www.sudoestehoje.com.br\/novoportal\/wp-json\/wp\/v2\/users\/2"}],"replies":[{"embeddable":true,"href":"https:\/\/www.sudoestehoje.com.br\/novoportal\/wp-json\/wp\/v2\/comments?post=14021"}],"version-history":[{"count":4,"href":"https:\/\/www.sudoestehoje.com.br\/novoportal\/wp-json\/wp\/v2\/posts\/14021\/revisions"}],"predecessor-version":[{"id":14024,"href":"https:\/\/www.sudoestehoje.com.br\/novoportal\/wp-json\/wp\/v2\/posts\/14021\/revisions\/14024"}],"wp:attachment":[{"href":"https:\/\/www.sudoestehoje.com.br\/novoportal\/wp-json\/wp\/v2\/media?parent=14021"}],"wp:term":[{"taxonomy":"category","embeddable":true,"href":"https:\/\/www.sudoestehoje.com.br\/novoportal\/wp-json\/wp\/v2\/categories?post=14021"},{"taxonomy":"post_tag","embeddable":true,"href":"https:\/\/www.sudoestehoje.com.br\/novoportal\/wp-json\/wp\/v2\/tags?post=14021"}],"curies":[{"name":"wp","href":"https:\/\/api.w.org\/{rel}","templated":true}]}}