
{"id":14012,"date":"2012-03-24T01:16:36","date_gmt":"2012-03-24T04:16:36","guid":{"rendered":"http:\/\/www.sudoestehoje.com.br\/novoportal\/?p=14012"},"modified":"2012-03-24T01:25:28","modified_gmt":"2012-03-24T04:25:28","slug":"video-sobre-producao-da-carne-de-sol-de-itororo-e-destaque-no-se-liga-bocao-da-rede-record","status":"publish","type":"post","link":"https:\/\/www.sudoestehoje.com.br\/novoportal\/2012\/03\/24\/video-sobre-producao-da-carne-de-sol-de-itororo-e-destaque-no-se-liga-bocao-da-rede-record\/","title":{"rendered":"V\u00cdDEO SOBRE PRODU\u00c7\u00c3O DA CARNE DE SOL DE ITOROR\u00d3 \u00c9 DESTAQUE NO &#8216;SE LIGA BOC\u00c3O&#8217;, DA REDE RECORD"},"content":{"rendered":"<p><iframe loading=\"lazy\" title=\"Produ\u00e7\u00e3o de Carne de Sol em Itoror\u00f3 - Bahia.wmv\" width=\"500\" height=\"375\" src=\"https:\/\/www.youtube.com\/embed\/HQviIwCkatw?feature=oembed\" frameborder=\"0\" allow=\"accelerometer; autoplay; clipboard-write; encrypted-media; gyroscope; picture-in-picture; web-share\" referrerpolicy=\"strict-origin-when-cross-origin\" allowfullscreen><\/iframe><\/p>\n<p>&nbsp;<\/p>\n<p>ITOROR\u00d3: Depois da publica\u00e7\u00e3o do v\u00eddeo que mostra a forma de abate e produ\u00e7\u00e3o da famosa carne de sol em Itoror\u00f3, pelo Sudoeste Hoje e Itapetinga Rep\u00f3rter, a Rede Record de televis\u00e3o se interessou pela mat\u00e9ria e deu destaque ao v\u00eddeo no programa &#8216;Se Liga Boc\u00e3o&#8217;, levado ao ar nesta quarta-feira (21).<\/p>\n<p>Na quinta-feira, entretanto, o departamento de jornalismo da Record em Salvador manteve contato por telefone com o Editor do Sudoeste Hoje, pedindo informa\u00e7\u00f5es sobre a mat\u00e9ria e mostrando interesse em produzir uma reportagem mais ampla, para ser levada ao ar em rede nacional.<\/p>\n<p>Embora alguns pol\u00edticos de Itoror\u00f3 queiram atribuir a autoria do v\u00eddeo ao pr\u00e9-candidato do Psol, Milton Marinho, isto n\u00e3o \u00e9 ver\u00eddico, pois a indica\u00e7\u00e3o para a sua publica\u00e7\u00e3o no site foi feita atrav\u00e9s de um comentarista que n\u00e3o quis se identificar. Ao contr\u00e1rio, todas as mat\u00e9rias postadas neste site por Milton Marinho, levam a sua assinatura.<\/p>\n<p>Particularmente, acharia louv\u00e1vel se os pol\u00edticos de Itoror\u00f3 tivessem a coragem de denunciar esta aberra\u00e7\u00e3o, ao inv\u00e9s de se preocuparem com a opini\u00e3o de a\u00e7ougueiros e magarefes, que prestam um verdadeiro desservi\u00e7o a toda regi\u00e3o, com esta pr\u00e1tica conden\u00e1vel e ilegal que \u00e9 o abate clandestino de animais.<\/p>\n<p><strong><em>Por DAVI FERRAZ\u00a0<\/em><\/strong><\/p>\n<p>&nbsp;<\/p>\n","protected":false},"excerpt":{"rendered":"<p>&nbsp; ITOROR\u00d3: Depois da publica\u00e7\u00e3o do v\u00eddeo que mostra a forma de abate e produ\u00e7\u00e3o da famosa carne de sol em Itoror\u00f3, pelo Sudoeste Hoje e Itapetinga Rep\u00f3rter, a Rede Record de televis\u00e3o se interessou pela mat\u00e9ria e deu destaque ao v\u00eddeo no programa &#8216;Se Liga Boc\u00e3o&#8217;, levado ao ar nesta quarta-feira (21). Na quinta-feira, [&hellip;]<\/p>\n","protected":false},"author":2,"featured_media":0,"comment_status":"open","ping_status":"open","sticky":false,"template":"","format":"standard","meta":{"footnotes":"","_links_to":"","_links_to_target":""},"categories":[1],"tags":[],"class_list":["post-14012","post","type-post","status-publish","format-standard","hentry","category-geral"],"views":4031,"_links":{"self":[{"href":"https:\/\/www.sudoestehoje.com.br\/novoportal\/wp-json\/wp\/v2\/posts\/14012","targetHints":{"allow":["GET"]}}],"collection":[{"href":"https:\/\/www.sudoestehoje.com.br\/novoportal\/wp-json\/wp\/v2\/posts"}],"about":[{"href":"https:\/\/www.sudoestehoje.com.br\/novoportal\/wp-json\/wp\/v2\/types\/post"}],"author":[{"embeddable":true,"href":"https:\/\/www.sudoestehoje.com.br\/novoportal\/wp-json\/wp\/v2\/users\/2"}],"replies":[{"embeddable":true,"href":"https:\/\/www.sudoestehoje.com.br\/novoportal\/wp-json\/wp\/v2\/comments?post=14012"}],"version-history":[{"count":7,"href":"https:\/\/www.sudoestehoje.com.br\/novoportal\/wp-json\/wp\/v2\/posts\/14012\/revisions"}],"predecessor-version":[{"id":14019,"href":"https:\/\/www.sudoestehoje.com.br\/novoportal\/wp-json\/wp\/v2\/posts\/14012\/revisions\/14019"}],"wp:attachment":[{"href":"https:\/\/www.sudoestehoje.com.br\/novoportal\/wp-json\/wp\/v2\/media?parent=14012"}],"wp:term":[{"taxonomy":"category","embeddable":true,"href":"https:\/\/www.sudoestehoje.com.br\/novoportal\/wp-json\/wp\/v2\/categories?post=14012"},{"taxonomy":"post_tag","embeddable":true,"href":"https:\/\/www.sudoestehoje.com.br\/novoportal\/wp-json\/wp\/v2\/tags?post=14012"}],"curies":[{"name":"wp","href":"https:\/\/api.w.org\/{rel}","templated":true}]}}