
{"id":14002,"date":"2012-03-24T00:03:27","date_gmt":"2012-03-24T03:03:27","guid":{"rendered":"http:\/\/www.sudoestehoje.com.br\/novoportal\/?p=14002"},"modified":"2012-03-24T00:14:12","modified_gmt":"2012-03-24T03:14:12","slug":"lucio-da-o-troco-em-geraldo-simoes","status":"publish","type":"post","link":"https:\/\/www.sudoestehoje.com.br\/novoportal\/2012\/03\/24\/lucio-da-o-troco-em-geraldo-simoes\/","title":{"rendered":"L\u00daCIO D\u00c1 O TROCO EM GERALDO"},"content":{"rendered":"<p><img decoding=\"async\" class=\"aligncenter\" src=\"http:\/\/www.pimenta.blog.br\/wp-content\/uploads\/lucio-vaias.jpg\" alt=\"\" \/><\/p>\n<p>&nbsp;<\/p>\n<p>Via Twitter, o deputado federal e colega de Geraldo Sim\u00f5es na C\u00e2mara, L\u00facio Vieira Lima (PMDB), aproveitava para fazer tro\u00e7a do petista, vaiado por figuras comunistas, ontem, no audit\u00f3rio da FTC-Itabuna.\u00a0L\u00facio retuitou t\u00edtulo de nota publicada no blog Pol\u00edticos do Sul da Bahia. E, claro, n\u00e3o deixou de cutucar o colega de parlamento: \u201cQuem com vaia fere, com vaia ser\u00e1 ferido\u201d.<\/p>\n<p>Para quem n\u00e3o lembra, em 2008, quando do lan\u00e7amento do PAC do Cacau, em Ilh\u00e9us, grupos ligados Geraldo puxaram vaias ensurdecedoras contra o ex-ministro Geddel Vieira Lima, irm\u00e3o de L\u00facio. Confira o v\u00eddeo.<\/p>\n<p><iframe loading=\"lazy\" title=\"Geddel recebe vaias em Ilh\u00e9us\" width=\"500\" height=\"375\" src=\"https:\/\/www.youtube.com\/embed\/zv7F87qCGeM?feature=oembed\" frameborder=\"0\" allow=\"accelerometer; autoplay; clipboard-write; encrypted-media; gyroscope; picture-in-picture; web-share\" referrerpolicy=\"strict-origin-when-cross-origin\" allowfullscreen><\/iframe><\/p>\n<p><strong><em><br \/>\n<\/em><\/strong><\/p>\n","protected":false},"excerpt":{"rendered":"<p>&nbsp; Via Twitter, o deputado federal e colega de Geraldo Sim\u00f5es na C\u00e2mara, L\u00facio Vieira Lima (PMDB), aproveitava para fazer tro\u00e7a do petista, vaiado por figuras comunistas, ontem, no audit\u00f3rio da FTC-Itabuna.\u00a0L\u00facio retuitou t\u00edtulo de nota publicada no blog Pol\u00edticos do Sul da Bahia. E, claro, n\u00e3o deixou de cutucar o colega de parlamento: \u201cQuem [&hellip;]<\/p>\n","protected":false},"author":2,"featured_media":0,"comment_status":"open","ping_status":"open","sticky":false,"template":"","format":"standard","meta":{"footnotes":"","_links_to":"","_links_to_target":""},"categories":[1],"tags":[],"class_list":["post-14002","post","type-post","status-publish","format-standard","hentry","category-geral"],"views":1361,"_links":{"self":[{"href":"https:\/\/www.sudoestehoje.com.br\/novoportal\/wp-json\/wp\/v2\/posts\/14002","targetHints":{"allow":["GET"]}}],"collection":[{"href":"https:\/\/www.sudoestehoje.com.br\/novoportal\/wp-json\/wp\/v2\/posts"}],"about":[{"href":"https:\/\/www.sudoestehoje.com.br\/novoportal\/wp-json\/wp\/v2\/types\/post"}],"author":[{"embeddable":true,"href":"https:\/\/www.sudoestehoje.com.br\/novoportal\/wp-json\/wp\/v2\/users\/2"}],"replies":[{"embeddable":true,"href":"https:\/\/www.sudoestehoje.com.br\/novoportal\/wp-json\/wp\/v2\/comments?post=14002"}],"version-history":[{"count":5,"href":"https:\/\/www.sudoestehoje.com.br\/novoportal\/wp-json\/wp\/v2\/posts\/14002\/revisions"}],"predecessor-version":[{"id":14004,"href":"https:\/\/www.sudoestehoje.com.br\/novoportal\/wp-json\/wp\/v2\/posts\/14002\/revisions\/14004"}],"wp:attachment":[{"href":"https:\/\/www.sudoestehoje.com.br\/novoportal\/wp-json\/wp\/v2\/media?parent=14002"}],"wp:term":[{"taxonomy":"category","embeddable":true,"href":"https:\/\/www.sudoestehoje.com.br\/novoportal\/wp-json\/wp\/v2\/categories?post=14002"},{"taxonomy":"post_tag","embeddable":true,"href":"https:\/\/www.sudoestehoje.com.br\/novoportal\/wp-json\/wp\/v2\/tags?post=14002"}],"curies":[{"name":"wp","href":"https:\/\/api.w.org\/{rel}","templated":true}]}}