
{"id":140,"date":"2010-09-10T14:25:58","date_gmt":"2010-09-10T17:25:58","guid":{"rendered":"http:\/\/sudoestehoje.tempsite.ws\/novoportal\/?p=140"},"modified":"2010-09-18T12:55:25","modified_gmt":"2010-09-18T15:55:25","slug":"tre-nega-registro-de-candidatura-a-geraldo-simoes","status":"publish","type":"post","link":"https:\/\/www.sudoestehoje.com.br\/novoportal\/2010\/09\/10\/tre-nega-registro-de-candidatura-a-geraldo-simoes\/","title":{"rendered":"TRE NEGA REGISTRO DE CANDIDATURA A GERALDO SIM\u00d5ES"},"content":{"rendered":"<div style=\"text-align: center;\"><img decoding=\"async\" src=\"http:\/\/3.bp.blogspot.com\/_222h-6TXKIA\/S6kDGlQZNKI\/AAAAAAAADRA\/2vhkD2-ZNfM\/s320\/DSC_0341.JPG\" border=\"0\" alt=\"\" \/><\/div>\n<p>Prefeito\u00a0Z\u00e9 Carlos \u00e9 do &#8216;time&#8217; de Geraldo Sim\u00f5es\u00a0e Rosemberg<\/p>\n<p style=\"text-align: justify;\">O  Tribunal Regional Eleitoral (TRE-BA) negou na manh\u00e3 desta sexta-feira  (10) registro de campanha ao deputado federal Geraldo Sim\u00f5es (PT),  candidato \u00e0 reelei\u00e7\u00e3o, apoiado pelo prefeito de Itapetinga, Jos\u00e9 Carlos  Moura. O pleito, que teve algumas sess\u00f5es e foi interrompido em todas  elas sem chegar ao fim, foi finalmente encerrado por 4 x 3. Antes do  voto decisivo do presidente do TRE, M\u00e1rio Alberto Hirs, a disputa estava  empatada em 3 x 3. Sim\u00f5es foi impedido de disputar as elei\u00e7\u00f5es devido a  pend\u00eancias com a Justi\u00e7a relativas a contas rejeitadas pelos tribunais  de contas dos Munic\u00edpios (TCM) e da Uni\u00e3o (TCU) em dois per\u00edodos  diversos em que atuou como prefeito de Itabuna, nos anos 90 e 2000.  Entretanto, poder\u00e1 recorrer da senten\u00e7a no Tribunal Superior Eleitoral  (TSE).<\/p>\n","protected":false},"excerpt":{"rendered":"<p>Prefeito\u00a0Z\u00e9 Carlos \u00e9 do &#8216;time&#8217; de Geraldo Sim\u00f5es\u00a0e Rosemberg O Tribunal Regional Eleitoral (TRE-BA) negou na manh\u00e3 desta sexta-feira (10) registro de campanha ao deputado federal Geraldo Sim\u00f5es (PT), candidato \u00e0 reelei\u00e7\u00e3o, apoiado pelo prefeito de Itapetinga, Jos\u00e9 Carlos Moura. O pleito, que teve algumas sess\u00f5es e foi interrompido em todas elas sem chegar ao [&hellip;]<\/p>\n","protected":false},"author":1,"featured_media":0,"comment_status":"open","ping_status":"open","sticky":false,"template":"","format":"standard","meta":{"footnotes":"","_links_to":"","_links_to_target":""},"categories":[14,4],"tags":[],"class_list":["post-140","post","type-post","status-publish","format-standard","hentry","category-bahia","category-politica"],"views":1447,"_links":{"self":[{"href":"https:\/\/www.sudoestehoje.com.br\/novoportal\/wp-json\/wp\/v2\/posts\/140","targetHints":{"allow":["GET"]}}],"collection":[{"href":"https:\/\/www.sudoestehoje.com.br\/novoportal\/wp-json\/wp\/v2\/posts"}],"about":[{"href":"https:\/\/www.sudoestehoje.com.br\/novoportal\/wp-json\/wp\/v2\/types\/post"}],"author":[{"embeddable":true,"href":"https:\/\/www.sudoestehoje.com.br\/novoportal\/wp-json\/wp\/v2\/users\/1"}],"replies":[{"embeddable":true,"href":"https:\/\/www.sudoestehoje.com.br\/novoportal\/wp-json\/wp\/v2\/comments?post=140"}],"version-history":[{"count":2,"href":"https:\/\/www.sudoestehoje.com.br\/novoportal\/wp-json\/wp\/v2\/posts\/140\/revisions"}],"predecessor-version":[{"id":142,"href":"https:\/\/www.sudoestehoje.com.br\/novoportal\/wp-json\/wp\/v2\/posts\/140\/revisions\/142"}],"wp:attachment":[{"href":"https:\/\/www.sudoestehoje.com.br\/novoportal\/wp-json\/wp\/v2\/media?parent=140"}],"wp:term":[{"taxonomy":"category","embeddable":true,"href":"https:\/\/www.sudoestehoje.com.br\/novoportal\/wp-json\/wp\/v2\/categories?post=140"},{"taxonomy":"post_tag","embeddable":true,"href":"https:\/\/www.sudoestehoje.com.br\/novoportal\/wp-json\/wp\/v2\/tags?post=140"}],"curies":[{"name":"wp","href":"https:\/\/api.w.org\/{rel}","templated":true}]}}