
{"id":13989,"date":"2012-03-23T23:06:29","date_gmt":"2012-03-24T02:06:29","guid":{"rendered":"http:\/\/www.sudoestehoje.com.br\/novoportal\/?p=13989"},"modified":"2012-03-23T23:06:29","modified_gmt":"2012-03-24T02:06:29","slug":"vereador-alfredo-cabral-e-homenageado-em-salvador","status":"publish","type":"post","link":"https:\/\/www.sudoestehoje.com.br\/novoportal\/2012\/03\/23\/vereador-alfredo-cabral-e-homenageado-em-salvador\/","title":{"rendered":"VEREADOR ALFREDO CABRAL \u00c9 HOMENAGEADO EM SALVADOR"},"content":{"rendered":"<p><img decoding=\"async\" class=\"aligncenter\" src=\"http:\/\/1.bp.blogspot.com\/-4LzRnI_9MM8\/T2vHLKn3aSI\/AAAAAAAAJqc\/xJ9VK4Reeys\/s1600\/alfredo-300x270.jpg\" alt=\"\" width=\"400\" \/><\/p>\n<p>&nbsp;<\/p>\n<p>O 47\u00ba Simp\u00f3sio Brasileiro de Prefeitos, Vereadores, Secret\u00e1rios e Assessores Municipais, realizado pelo Instituto Tiradentes nos dias 14 e 15 deste m\u00eas em Salvador, no Audit\u00f3rio do Hotel Sol Vict\u00f3ria Marina, contou com palestrantes do n\u00edvel de Paulo Mascarenhas, F\u00e1bio Torres e Ademir Ismerim Medina. E pelo terceiro ano consecutivo (2009,2010 e 2011) o Vereador do PSD, Alfredo Cabral de Assis foi contemplado com medalha de ouro como o vereador que mais se destacou no legislativo do munic\u00edpio de Itapetinga.<\/p>\n<p>Ascom<\/p>\n","protected":false},"excerpt":{"rendered":"<p>&nbsp; O 47\u00ba Simp\u00f3sio Brasileiro de Prefeitos, Vereadores, Secret\u00e1rios e Assessores Municipais, realizado pelo Instituto Tiradentes nos dias 14 e 15 deste m\u00eas em Salvador, no Audit\u00f3rio do Hotel Sol Vict\u00f3ria Marina, contou com palestrantes do n\u00edvel de Paulo Mascarenhas, F\u00e1bio Torres e Ademir Ismerim Medina. E pelo terceiro ano consecutivo (2009,2010 e 2011) o [&hellip;]<\/p>\n","protected":false},"author":2,"featured_media":0,"comment_status":"open","ping_status":"open","sticky":false,"template":"","format":"standard","meta":{"footnotes":"","_links_to":"","_links_to_target":""},"categories":[1],"tags":[],"class_list":["post-13989","post","type-post","status-publish","format-standard","hentry","category-geral"],"views":1445,"_links":{"self":[{"href":"https:\/\/www.sudoestehoje.com.br\/novoportal\/wp-json\/wp\/v2\/posts\/13989","targetHints":{"allow":["GET"]}}],"collection":[{"href":"https:\/\/www.sudoestehoje.com.br\/novoportal\/wp-json\/wp\/v2\/posts"}],"about":[{"href":"https:\/\/www.sudoestehoje.com.br\/novoportal\/wp-json\/wp\/v2\/types\/post"}],"author":[{"embeddable":true,"href":"https:\/\/www.sudoestehoje.com.br\/novoportal\/wp-json\/wp\/v2\/users\/2"}],"replies":[{"embeddable":true,"href":"https:\/\/www.sudoestehoje.com.br\/novoportal\/wp-json\/wp\/v2\/comments?post=13989"}],"version-history":[{"count":3,"href":"https:\/\/www.sudoestehoje.com.br\/novoportal\/wp-json\/wp\/v2\/posts\/13989\/revisions"}],"predecessor-version":[{"id":13992,"href":"https:\/\/www.sudoestehoje.com.br\/novoportal\/wp-json\/wp\/v2\/posts\/13989\/revisions\/13992"}],"wp:attachment":[{"href":"https:\/\/www.sudoestehoje.com.br\/novoportal\/wp-json\/wp\/v2\/media?parent=13989"}],"wp:term":[{"taxonomy":"category","embeddable":true,"href":"https:\/\/www.sudoestehoje.com.br\/novoportal\/wp-json\/wp\/v2\/categories?post=13989"},{"taxonomy":"post_tag","embeddable":true,"href":"https:\/\/www.sudoestehoje.com.br\/novoportal\/wp-json\/wp\/v2\/tags?post=13989"}],"curies":[{"name":"wp","href":"https:\/\/api.w.org\/{rel}","templated":true}]}}