
{"id":13976,"date":"2012-03-23T21:56:01","date_gmt":"2012-03-24T00:56:01","guid":{"rendered":"http:\/\/www.sudoestehoje.com.br\/novoportal\/?p=13976"},"modified":"2012-03-23T21:56:01","modified_gmt":"2012-03-24T00:56:01","slug":"lider-da-greve-da-pm-deixa-a-prisao-em-salvador","status":"publish","type":"post","link":"https:\/\/www.sudoestehoje.com.br\/novoportal\/2012\/03\/23\/lider-da-greve-da-pm-deixa-a-prisao-em-salvador\/","title":{"rendered":"L\u00cdDER DA GREVE DA PM DEIXA A PRIS\u00c3O EM SALVADOR"},"content":{"rendered":"<p><img decoding=\"async\" class=\"aligncenter\" src=\"http:\/\/veja.abril.com.br\/assets\/pictures\/65357\/greve-pm-bahia-20120209-16-size-598.jpg?1328790357\" alt=\"\" width=\"400\" \/><\/p>\n<p>&nbsp;<\/p>\n<p>Marco Prisco, l\u00edder do movimento grevista que ocorreu entre os dias 31 de janeiro e 9 de fevereiro na Bahia, foi liberado da pris\u00e3o na tarde desta sexta-feira, segundo informa\u00e7\u00f5es da Secretaria de Assuntos Penais (Seap). Ele estava detido no pres\u00eddio p\u00fablico da capital desde o dia 9 de fevereiro. Na quarta-feira o cabo Paulo Hohenfeld, que tamb\u00e9m estava preso desde o fim do movimento, foi solto, por volta das 11h. Segundo a advogada Ruth Serravale, a liberdade provis\u00f3ria foi expedida pela 2\u00aa Vara Crime do Estado. (G1)<\/p>\n","protected":false},"excerpt":{"rendered":"<p>&nbsp; Marco Prisco, l\u00edder do movimento grevista que ocorreu entre os dias 31 de janeiro e 9 de fevereiro na Bahia, foi liberado da pris\u00e3o na tarde desta sexta-feira, segundo informa\u00e7\u00f5es da Secretaria de Assuntos Penais (Seap). Ele estava detido no pres\u00eddio p\u00fablico da capital desde o dia 9 de fevereiro. Na quarta-feira o cabo [&hellip;]<\/p>\n","protected":false},"author":2,"featured_media":0,"comment_status":"open","ping_status":"open","sticky":false,"template":"","format":"standard","meta":{"footnotes":"","_links_to":"","_links_to_target":""},"categories":[1],"tags":[],"class_list":["post-13976","post","type-post","status-publish","format-standard","hentry","category-geral"],"views":1142,"_links":{"self":[{"href":"https:\/\/www.sudoestehoje.com.br\/novoportal\/wp-json\/wp\/v2\/posts\/13976","targetHints":{"allow":["GET"]}}],"collection":[{"href":"https:\/\/www.sudoestehoje.com.br\/novoportal\/wp-json\/wp\/v2\/posts"}],"about":[{"href":"https:\/\/www.sudoestehoje.com.br\/novoportal\/wp-json\/wp\/v2\/types\/post"}],"author":[{"embeddable":true,"href":"https:\/\/www.sudoestehoje.com.br\/novoportal\/wp-json\/wp\/v2\/users\/2"}],"replies":[{"embeddable":true,"href":"https:\/\/www.sudoestehoje.com.br\/novoportal\/wp-json\/wp\/v2\/comments?post=13976"}],"version-history":[{"count":4,"href":"https:\/\/www.sudoestehoje.com.br\/novoportal\/wp-json\/wp\/v2\/posts\/13976\/revisions"}],"predecessor-version":[{"id":13980,"href":"https:\/\/www.sudoestehoje.com.br\/novoportal\/wp-json\/wp\/v2\/posts\/13976\/revisions\/13980"}],"wp:attachment":[{"href":"https:\/\/www.sudoestehoje.com.br\/novoportal\/wp-json\/wp\/v2\/media?parent=13976"}],"wp:term":[{"taxonomy":"category","embeddable":true,"href":"https:\/\/www.sudoestehoje.com.br\/novoportal\/wp-json\/wp\/v2\/categories?post=13976"},{"taxonomy":"post_tag","embeddable":true,"href":"https:\/\/www.sudoestehoje.com.br\/novoportal\/wp-json\/wp\/v2\/tags?post=13976"}],"curies":[{"name":"wp","href":"https:\/\/api.w.org\/{rel}","templated":true}]}}