
{"id":13955,"date":"2012-03-23T02:01:03","date_gmt":"2012-03-23T05:01:03","guid":{"rendered":"http:\/\/www.sudoestehoje.com.br\/novoportal\/?p=13955"},"modified":"2012-03-23T02:01:03","modified_gmt":"2012-03-23T05:01:03","slug":"itapetinga-pmdb-lancara-pre-candidato-em-15-de-abril","status":"publish","type":"post","link":"https:\/\/www.sudoestehoje.com.br\/novoportal\/2012\/03\/23\/itapetinga-pmdb-lancara-pre-candidato-em-15-de-abril\/","title":{"rendered":"ITAPETINGA: PMDB LAN\u00c7AR\u00c1 PR\u00c9-CANDIDATO EM 15 DE ABRIL"},"content":{"rendered":"<p><img decoding=\"async\" class=\"aligncenter\" src=\"http:\/\/www.politicosdosuldabahia.com.br\/v1\/wp-content\/uploads\/gal28_221.jpg\" alt=\"\" width=\"400\" \/><\/p>\n<p style=\"text-align: center;\"><em>Michel Hagge coordenar\u00e1 o processo de escolha do pr\u00e9-candidato do PMDB<\/em><\/p>\n<p>&nbsp;<\/p>\n<p>O Diret\u00f3rio Municipal do PMDB dever\u00e1 escolher o seu pr\u00e9-candidato a prefeito, para o pleito de outubro pr\u00f3ximo, atrav\u00e9s de pr\u00e9via, com a participa\u00e7\u00e3o \u00a0dos seus \u00a0filiados. A data escolhida, 15 de abril, obedece a uma estrat\u00e9gia do Diret\u00f3rio Estadual do partido, que tamb\u00e9m eleger\u00e1 os novos membros dos diret\u00f3rios municipais, em todo o Estado.<\/p>\n<p>Na disputa pela indica\u00e7\u00e3o do partido, destacam-se K\u00e1tia Espinheira, ex-vice prefeita, Dr. Rodolfo Schettini, ex-secret\u00e1rio de sa\u00fade do munic\u00edpio, e o m\u00e9dico cardiologista Silvio Macedo, atual presidente do diret\u00f3rio municipal do PMDB.<\/p>\n<p>Embora cogitado por alguns &#8216;gabirabas&#8217; saudosistas, o nome do ex-prefeito Michel Hagge n\u00e3o dever\u00e1 ser submetido ao processo de escolha do partido, o mesmo acontecendo com a sua filha, Virg\u00ednia Hagge, ex-deputada estadual.<\/p>\n<p><strong><em>Da Reda\u00e7\u00e3o<\/em><\/strong><\/p>\n","protected":false},"excerpt":{"rendered":"<p>Michel Hagge coordenar\u00e1 o processo de escolha do pr\u00e9-candidato do PMDB &nbsp; O Diret\u00f3rio Municipal do PMDB dever\u00e1 escolher o seu pr\u00e9-candidato a prefeito, para o pleito de outubro pr\u00f3ximo, atrav\u00e9s de pr\u00e9via, com a participa\u00e7\u00e3o \u00a0dos seus \u00a0filiados. A data escolhida, 15 de abril, obedece a uma estrat\u00e9gia do Diret\u00f3rio Estadual do partido, que [&hellip;]<\/p>\n","protected":false},"author":2,"featured_media":0,"comment_status":"open","ping_status":"open","sticky":false,"template":"","format":"standard","meta":{"footnotes":"","_links_to":"","_links_to_target":""},"categories":[1],"tags":[],"class_list":["post-13955","post","type-post","status-publish","format-standard","hentry","category-geral"],"views":1177,"_links":{"self":[{"href":"https:\/\/www.sudoestehoje.com.br\/novoportal\/wp-json\/wp\/v2\/posts\/13955","targetHints":{"allow":["GET"]}}],"collection":[{"href":"https:\/\/www.sudoestehoje.com.br\/novoportal\/wp-json\/wp\/v2\/posts"}],"about":[{"href":"https:\/\/www.sudoestehoje.com.br\/novoportal\/wp-json\/wp\/v2\/types\/post"}],"author":[{"embeddable":true,"href":"https:\/\/www.sudoestehoje.com.br\/novoportal\/wp-json\/wp\/v2\/users\/2"}],"replies":[{"embeddable":true,"href":"https:\/\/www.sudoestehoje.com.br\/novoportal\/wp-json\/wp\/v2\/comments?post=13955"}],"version-history":[{"count":3,"href":"https:\/\/www.sudoestehoje.com.br\/novoportal\/wp-json\/wp\/v2\/posts\/13955\/revisions"}],"predecessor-version":[{"id":13958,"href":"https:\/\/www.sudoestehoje.com.br\/novoportal\/wp-json\/wp\/v2\/posts\/13955\/revisions\/13958"}],"wp:attachment":[{"href":"https:\/\/www.sudoestehoje.com.br\/novoportal\/wp-json\/wp\/v2\/media?parent=13955"}],"wp:term":[{"taxonomy":"category","embeddable":true,"href":"https:\/\/www.sudoestehoje.com.br\/novoportal\/wp-json\/wp\/v2\/categories?post=13955"},{"taxonomy":"post_tag","embeddable":true,"href":"https:\/\/www.sudoestehoje.com.br\/novoportal\/wp-json\/wp\/v2\/tags?post=13955"}],"curies":[{"name":"wp","href":"https:\/\/api.w.org\/{rel}","templated":true}]}}