
{"id":13947,"date":"2012-03-23T01:07:30","date_gmt":"2012-03-23T04:07:30","guid":{"rendered":"http:\/\/www.sudoestehoje.com.br\/novoportal\/?p=13947"},"modified":"2012-03-23T01:07:30","modified_gmt":"2012-03-23T04:07:30","slug":"macarani-entrada-da-cidade-recebe-moderna-iluminacao","status":"publish","type":"post","link":"https:\/\/www.sudoestehoje.com.br\/novoportal\/2012\/03\/23\/macarani-entrada-da-cidade-recebe-moderna-iluminacao\/","title":{"rendered":"MACARANI: ENTRADA DA CIDADE RECEBE MODERNA ILUMINA\u00c7\u00c3O"},"content":{"rendered":"<p><a href=\"http:\/\/www.sudoestehoje.com.br\/novoportal\/wp-content\/uploads\/2012\/03\/ELETEC-1.jpg\"><img loading=\"lazy\" decoding=\"async\" class=\"aligncenter size-medium wp-image-13948\" title=\"ELETEC 1\" src=\"http:\/\/www.sudoestehoje.com.br\/novoportal\/wp-content\/uploads\/2012\/03\/ELETEC-1-500x375.jpg\" alt=\"\" width=\"500\" height=\"375\" srcset=\"https:\/\/www.sudoestehoje.com.br\/novoportal\/wp-content\/uploads\/2012\/03\/ELETEC-1-500x375.jpg 500w, https:\/\/www.sudoestehoje.com.br\/novoportal\/wp-content\/uploads\/2012\/03\/ELETEC-1.jpg 729w\" sizes=\"auto, (max-width: 500px) 100vw, 500px\" \/><\/a><\/p>\n<p>&nbsp;<\/p>\n<p>MACARANI: O prefeito de Macarani, Antonio Carlos Macedo (Carlinhos), teve aprovado pela Companhia de Eletricidade do Estado da Bahia (Coelba) o projeto de ilumina\u00e7\u00e3o do per\u00edmetro urbano da BA 130, trecho de entrada da cidade, a partir da conhecida curva das 03 cruzes, numa extens\u00e3o aproximada de um quil\u00f4metro. A negocia\u00e7\u00e3o com a concession\u00e1ria de energia foi iniciada a cerca de um ano e exigiu persist\u00eancia da administra\u00e7\u00e3o em cumprimento \u00e0 burocracia que permeia um projeto de tamanha envergadura.<\/p>\n<p><a href=\"http:\/\/www.sudoestehoje.com.br\/novoportal\/wp-content\/uploads\/2012\/03\/ELETEC-2.jpg\"><img loading=\"lazy\" decoding=\"async\" class=\"aligncenter size-medium wp-image-13949\" title=\"ELETEC 2\" src=\"http:\/\/www.sudoestehoje.com.br\/novoportal\/wp-content\/uploads\/2012\/03\/ELETEC-2-500x375.jpg\" alt=\"\" width=\"500\" height=\"375\" srcset=\"https:\/\/www.sudoestehoje.com.br\/novoportal\/wp-content\/uploads\/2012\/03\/ELETEC-2-500x375.jpg 500w, https:\/\/www.sudoestehoje.com.br\/novoportal\/wp-content\/uploads\/2012\/03\/ELETEC-2.jpg 729w\" sizes=\"auto, (max-width: 500px) 100vw, 500px\" \/><\/a><\/p>\n<p>Na \u00faltima semana o prefeito esteve em Salvador onde ultimou o acordo e, de imediato, a Coelba deliberou pelo inicio da obra, que ser\u00e1 realizada pela ELETEC, empresa agregada \u00e0 companhia. Os engenheiros j\u00e1 vistoriaram o local e tra\u00e7aram um perfil da execu\u00e7\u00e3o do projeto.\u00a0 Inicialmente fizeram a medi\u00e7\u00e3o delineada do espa\u00e7o que dever\u00e1 receber cerca de vinte torres em ambas as margens, sendo os postes posicionados um defronte ao outro com ilumina\u00e7\u00e3o de vapor de merc\u00fario, o que provocar\u00e1 um impacto visual de grande propor\u00e7\u00e3o, principalmente para quem estiver chegando de viagem \u00e0 noite, al\u00e9m de garantir mais seguran\u00e7a aos moradores da localidade e aos praticantes de <em>cooper<\/em>, que v\u00e3o poder exercer sua atividade f\u00edsica em hor\u00e1rio de menos calor.<\/p>\n<p><a href=\"http:\/\/www.sudoestehoje.com.br\/novoportal\/wp-content\/uploads\/2012\/03\/ELETEC-3.jpg\"><img loading=\"lazy\" decoding=\"async\" class=\"aligncenter size-medium wp-image-13950\" title=\"ELETEC 3\" src=\"http:\/\/www.sudoestehoje.com.br\/novoportal\/wp-content\/uploads\/2012\/03\/ELETEC-3-500x375.jpg\" alt=\"\" width=\"500\" height=\"375\" srcset=\"https:\/\/www.sudoestehoje.com.br\/novoportal\/wp-content\/uploads\/2012\/03\/ELETEC-3-500x375.jpg 500w, https:\/\/www.sudoestehoje.com.br\/novoportal\/wp-content\/uploads\/2012\/03\/ELETEC-3.jpg 729w\" sizes=\"auto, (max-width: 500px) 100vw, 500px\" \/><\/a><\/p>\n<p>Esse foi um dos mais ambiciosos projetos da atual administra\u00e7\u00e3o de Macarani. A imensa Avenida que ser\u00e1 criada servir\u00e1 como s\u00edmbolo do crescimento da cidade, que se expande em todas as dire\u00e7\u00f5es. A imagem de cidade pequena, acanhada e sem maiores atrativos, definitivamente, n\u00e3o se aplica mais a Macarani. O atraso que distanciava o munic\u00edpio dos demais ao seu redor foi superado em apenas tr\u00eas anos do atual governo que, c\u00f4nscio de sua responsabilidade, fixou como meta transformar a cidade num canteiro de obras e isso foi feito desde o primeiro dia de administra\u00e7\u00e3o, implantando projetos de sustentabilidade em todos os setores do governo, com enfoque na sa\u00fade, desenvolvimento social, educa\u00e7\u00e3o e infraestrutura urbana e rural.<!--more--><\/p>\n<p>Esse conjunto de a\u00e7\u00f5es tornou a m\u00e3o de obra especializada escassa, praticamente inexistente na cidade. Para dar conta das obras em andamento as empresas contratadas, via licita\u00e7\u00e3o, est\u00e3o tendo que importar pedreiros, encanadores, marceneiros, ferreiros e eletricistas, pois ha muito tempo j\u00e1 n\u00e3o encontra mais na cidade. Em 2010 pagava-se R$ 35,00 reais pela di\u00e1ria de um pedreiro, hoje esse valor foi elevado para R$ 70,00 reais. Em alguns casos, empres\u00e1rios da constru\u00e7\u00e3o civil treinam seus ajudantes para que estes assumam a condi\u00e7\u00e3o de pedreiros.<\/p>\n<p>Esse projeto com Coelba contemplar\u00e1 os dois extremos da cidade. Conclu\u00edda a eletrifica\u00e7\u00e3o da Avenida de entrada, outra ser\u00e1 iniciada a partir do galp\u00e3o da Vulcabr\u00e1s\/Azal\u00e9ia no Bairro Marj\u00f3rie Parque, indo al\u00e9m do Conjunto Habitacional Alto da Colina, onde est\u00e3o sendo constru\u00eddas 200 casas populares.\u00a0 Neste trecho dever\u00e3o ser utilizadas aproximadamente 40 torres dentro do mesmo crit\u00e9rio da primeira.<\/p>\n<p>Com isso, o novo Conjunto Habitacional ser\u00e1 inaugurado com alto \u00edndice de valoriza\u00e7\u00e3o, diante da tranquilidade de seus moradores tendo ao seu dispor uma avenida com ilumina\u00e7\u00e3o de primeiro mundo. O projeto falicitar\u00e1 tamb\u00e9m o trabalho dos \u00f3rg\u00e3os de seguran\u00e7a p\u00fablica em sua a\u00e7\u00e3o de prevenir poss\u00edveis delitos.<\/p>\n<p>O prefeito Carlinhos comemorou com euforia a mais este feito da sua administra\u00e7\u00e3o e aproveitou para destacar o empenho do deputado estadual Paulo Rangel, para que esse projeto fosse viabilizado dentro do prazo esperado. O parlamentar tem se colocado \u00e0 disposi\u00e7\u00e3o do governo o &#8220;O Futuro Come\u00e7a Agora&#8221;, condi\u00e7\u00e3o essencial para a consolida\u00e7\u00e3o de v\u00e1rios intentos projetados no cronograma de a\u00e7\u00f5es da prefeitura municipal.<\/p>\n<p>&#8220;Hoje a popula\u00e7\u00e3o de Macarani sente orgulho da sua cidade e isso satisfaz a administra\u00e7\u00e3o. Desde que assumimos a prefeitura, n\u00e3o paramos um dia sequer. Trabalhamos diuturnamente para resgatar a grandeza do nosso povo e, gra\u00e7as a Deus e a compet\u00eancia da equipe que comp\u00f5e o nosso Governo, fizemos nesses tr\u00eas anos muito mais do que o ex-gestor realizou em 12 anos de administra\u00e7\u00e3o, e isso a popula\u00e7\u00e3o reconhece&#8221;. Assinalou o prefeito Carlinhos.<\/p>\n<p><strong><em>Ascom &#8211; Jota Santos<\/em><\/strong><\/p>\n","protected":false},"excerpt":{"rendered":"<p>&nbsp; MACARANI: O prefeito de Macarani, Antonio Carlos Macedo (Carlinhos), teve aprovado pela Companhia de Eletricidade do Estado da Bahia (Coelba) o projeto de ilumina\u00e7\u00e3o do per\u00edmetro urbano da BA 130, trecho de entrada da cidade, a partir da conhecida curva das 03 cruzes, numa extens\u00e3o aproximada de um quil\u00f4metro. A negocia\u00e7\u00e3o com a concession\u00e1ria [&hellip;]<\/p>\n","protected":false},"author":2,"featured_media":0,"comment_status":"open","ping_status":"open","sticky":false,"template":"","format":"standard","meta":{"footnotes":"","_links_to":"","_links_to_target":""},"categories":[1],"tags":[],"class_list":["post-13947","post","type-post","status-publish","format-standard","hentry","category-geral"],"views":2871,"_links":{"self":[{"href":"https:\/\/www.sudoestehoje.com.br\/novoportal\/wp-json\/wp\/v2\/posts\/13947","targetHints":{"allow":["GET"]}}],"collection":[{"href":"https:\/\/www.sudoestehoje.com.br\/novoportal\/wp-json\/wp\/v2\/posts"}],"about":[{"href":"https:\/\/www.sudoestehoje.com.br\/novoportal\/wp-json\/wp\/v2\/types\/post"}],"author":[{"embeddable":true,"href":"https:\/\/www.sudoestehoje.com.br\/novoportal\/wp-json\/wp\/v2\/users\/2"}],"replies":[{"embeddable":true,"href":"https:\/\/www.sudoestehoje.com.br\/novoportal\/wp-json\/wp\/v2\/comments?post=13947"}],"version-history":[{"count":3,"href":"https:\/\/www.sudoestehoje.com.br\/novoportal\/wp-json\/wp\/v2\/posts\/13947\/revisions"}],"predecessor-version":[{"id":13953,"href":"https:\/\/www.sudoestehoje.com.br\/novoportal\/wp-json\/wp\/v2\/posts\/13947\/revisions\/13953"}],"wp:attachment":[{"href":"https:\/\/www.sudoestehoje.com.br\/novoportal\/wp-json\/wp\/v2\/media?parent=13947"}],"wp:term":[{"taxonomy":"category","embeddable":true,"href":"https:\/\/www.sudoestehoje.com.br\/novoportal\/wp-json\/wp\/v2\/categories?post=13947"},{"taxonomy":"post_tag","embeddable":true,"href":"https:\/\/www.sudoestehoje.com.br\/novoportal\/wp-json\/wp\/v2\/tags?post=13947"}],"curies":[{"name":"wp","href":"https:\/\/api.w.org\/{rel}","templated":true}]}}