
{"id":13942,"date":"2012-03-23T00:36:00","date_gmt":"2012-03-23T03:36:00","guid":{"rendered":"http:\/\/www.sudoestehoje.com.br\/novoportal\/?p=13942"},"modified":"2012-03-23T00:36:00","modified_gmt":"2012-03-23T03:36:00","slug":"jequie-professores-da-rede-municipal-decretam-greve","status":"publish","type":"post","link":"https:\/\/www.sudoestehoje.com.br\/novoportal\/2012\/03\/23\/jequie-professores-da-rede-municipal-decretam-greve\/","title":{"rendered":"JEQUI\u00c9: PROFESSORES DA REDE MUNICIPAL DECRETAM GREVE"},"content":{"rendered":"<p><img loading=\"lazy\" decoding=\"async\" class=\"aligncenter\" src=\"http:\/\/www.tribunadaconquista.com.br\/v1\/wp-content\/uploads\/2010\/04\/Greve-Professores.jpg\" alt=\"\" width=\"400\" height=\"266\" \/><\/p>\n<p>&nbsp;<\/p>\n<p>JEQUI\u00c9: Os alunos da Rede Municipal de Ensino de Jequi\u00e9, no sul baiano, ter\u00e3o as aulas suspensas a partir desta segunda-feira (26). Em assembleia nesta quarta (21), os professores decretaram greve por tempo indeterminado. De acordo com o Sindicato dos Trabalhadores em Educa\u00e7\u00e3o do Estado da Bahia (ALPB Centro Oeste), os docentes reivindicam\u00a0a aplica\u00e7\u00e3o do \u00edndice de 22,22% de reajuste do piso salarial determinado pelo Minist\u00e9rio da Educa\u00e7\u00e3o. Segundo a entidade, a administra\u00e7\u00e3o jequieense aplica apenas o valor do piso no n\u00edvel inicial da carreira, o que estaria a descumprir o que determina a lei e achata os demais n\u00edveis da carreira, uma vez que os percentuais estabelecidos no plano de carreira foram aprovados pela C\u00e2mara de Vereadores.\u00a0\u201cNossa luta \u00e9 justa. N\u00e3o h\u00e1 argumentos para se descumprir a Lei do Piso, nem do Plano de Carreira do Magist\u00e9rio. A categoria dar\u00e1 uma resposta ao Executivo municipal que n\u00e3o cumpre a lei e desestrutura a carreira. Queremos uma carreira atraente, sal\u00e1rio decente que valorize a nossa profiss\u00e3o e incentive os estudantes a escolherem a profiss\u00e3o de educador da qual tanto nos orgulhamos\u201d, diz a diretora geral da APLB-Sindicato,\u00a0Claudenice Barbosa. BN<\/p>\n","protected":false},"excerpt":{"rendered":"<p>&nbsp; JEQUI\u00c9: Os alunos da Rede Municipal de Ensino de Jequi\u00e9, no sul baiano, ter\u00e3o as aulas suspensas a partir desta segunda-feira (26). Em assembleia nesta quarta (21), os professores decretaram greve por tempo indeterminado. De acordo com o Sindicato dos Trabalhadores em Educa\u00e7\u00e3o do Estado da Bahia (ALPB Centro Oeste), os docentes reivindicam\u00a0a aplica\u00e7\u00e3o [&hellip;]<\/p>\n","protected":false},"author":2,"featured_media":0,"comment_status":"open","ping_status":"open","sticky":false,"template":"","format":"standard","meta":{"footnotes":"","_links_to":"","_links_to_target":""},"categories":[1],"tags":[],"class_list":["post-13942","post","type-post","status-publish","format-standard","hentry","category-geral"],"views":1150,"_links":{"self":[{"href":"https:\/\/www.sudoestehoje.com.br\/novoportal\/wp-json\/wp\/v2\/posts\/13942","targetHints":{"allow":["GET"]}}],"collection":[{"href":"https:\/\/www.sudoestehoje.com.br\/novoportal\/wp-json\/wp\/v2\/posts"}],"about":[{"href":"https:\/\/www.sudoestehoje.com.br\/novoportal\/wp-json\/wp\/v2\/types\/post"}],"author":[{"embeddable":true,"href":"https:\/\/www.sudoestehoje.com.br\/novoportal\/wp-json\/wp\/v2\/users\/2"}],"replies":[{"embeddable":true,"href":"https:\/\/www.sudoestehoje.com.br\/novoportal\/wp-json\/wp\/v2\/comments?post=13942"}],"version-history":[{"count":3,"href":"https:\/\/www.sudoestehoje.com.br\/novoportal\/wp-json\/wp\/v2\/posts\/13942\/revisions"}],"predecessor-version":[{"id":13945,"href":"https:\/\/www.sudoestehoje.com.br\/novoportal\/wp-json\/wp\/v2\/posts\/13942\/revisions\/13945"}],"wp:attachment":[{"href":"https:\/\/www.sudoestehoje.com.br\/novoportal\/wp-json\/wp\/v2\/media?parent=13942"}],"wp:term":[{"taxonomy":"category","embeddable":true,"href":"https:\/\/www.sudoestehoje.com.br\/novoportal\/wp-json\/wp\/v2\/categories?post=13942"},{"taxonomy":"post_tag","embeddable":true,"href":"https:\/\/www.sudoestehoje.com.br\/novoportal\/wp-json\/wp\/v2\/tags?post=13942"}],"curies":[{"name":"wp","href":"https:\/\/api.w.org\/{rel}","templated":true}]}}