
{"id":13933,"date":"2012-03-22T18:36:51","date_gmt":"2012-03-22T21:36:51","guid":{"rendered":"http:\/\/www.sudoestehoje.com.br\/novoportal\/?p=13933"},"modified":"2012-03-22T18:36:51","modified_gmt":"2012-03-22T21:36:51","slug":"receita-federal-desmascara-mentiras-do-prefeito-e-da-vidal","status":"publish","type":"post","link":"https:\/\/www.sudoestehoje.com.br\/novoportal\/2012\/03\/22\/receita-federal-desmascara-mentiras-do-prefeito-e-da-vidal\/","title":{"rendered":"RECEITA FEDERAL DESMASCARA MENTIRAS DO PREFEITO E DA VIDAL"},"content":{"rendered":"<p>ITAPETINGA: Muito tem-se discutido se a Bernardo Vidal &amp; Associados recuperou ou n\u00e3o os supostos cr\u00e9ditos previdenci\u00e1rios a que o munic\u00edpio teria direito. Um documento da Receita Federal, entretanto, p\u00f5e por terra todos os falsos argumentos do prefeito Z\u00e9 Carlos, sua assessoria e tamb\u00e9m da Bernardo Vidal, que montou uma verdadeira encena\u00e7\u00e3o na C\u00e2mara Municipal, nesta ter\u00e7a-feira, para tentar convencer \u00a0a pr\u00f3pria equipe do prefeito, de que a malfadada opera\u00e7\u00e3o foi &#8216;legal&#8217;.<\/p>\n<p>O documento da Receita Federal, que encaminha respostas \u00e0s indaga\u00e7\u00f5es da Procuradoria da Rep\u00fablica em Vit\u00f3ria da Conquista, \u00e9 contundente e fala at\u00e9 em <em>\u00a0&#8216;compensa\u00e7\u00f5es indevidas nas GFIP&#8217;s&#8217; (leia-se fraude, sonega\u00e7\u00e3o&#8230;)<\/em>, no valor de R$ 3.354.222,79, como forma de \u00a0fraudar a Previd\u00eancia Social. Em decorr\u00eancia disto \u00e9 que as multas de mais de R$ 9 milh\u00f5es foram imputadas ao munic\u00edpio.<\/p>\n<p>Leiam o documento e tirem as suas conclus\u00f5es:<\/p>\n<div id=\"attachment_13934\" style=\"width: 510px\" class=\"wp-caption aligncenter\"><a href=\"http:\/\/www.sudoestehoje.com.br\/novoportal\/wp-content\/uploads\/2012\/03\/100_7028.jpg\"><img loading=\"lazy\" decoding=\"async\" aria-describedby=\"caption-attachment-13934\" class=\"size-medium wp-image-13934\" title=\"100_7028\" src=\"http:\/\/www.sudoestehoje.com.br\/novoportal\/wp-content\/uploads\/2012\/03\/100_7028-500x333.jpg\" alt=\"\" width=\"500\" height=\"333\" srcset=\"https:\/\/www.sudoestehoje.com.br\/novoportal\/wp-content\/uploads\/2012\/03\/100_7028-500x333.jpg 500w, https:\/\/www.sudoestehoje.com.br\/novoportal\/wp-content\/uploads\/2012\/03\/100_7028-1024x682.jpg 1024w, https:\/\/www.sudoestehoje.com.br\/novoportal\/wp-content\/uploads\/2012\/03\/100_7028.jpg 1800w\" sizes=\"auto, (max-width: 500px) 100vw, 500px\" \/><\/a><p id=\"caption-attachment-13934\" class=\"wp-caption-text\">Of\u00edcio encaminhado pela Receita Federal \u00e0 Procuradoria da Rep\u00fablica, informando que o munic\u00edpio de Itapetinga n\u00e3o tem cr\u00e9ditos a serem recuperados junto \u00e0 Previd\u00eancia Social. CLIQUE NA FOTO PARA AMPLIAR<\/p><\/div>\n","protected":false},"excerpt":{"rendered":"<p>ITAPETINGA: Muito tem-se discutido se a Bernardo Vidal &amp; Associados recuperou ou n\u00e3o os supostos cr\u00e9ditos previdenci\u00e1rios a que o munic\u00edpio teria direito. Um documento da Receita Federal, entretanto, p\u00f5e por terra todos os falsos argumentos do prefeito Z\u00e9 Carlos, sua assessoria e tamb\u00e9m da Bernardo Vidal, que montou uma verdadeira encena\u00e7\u00e3o na C\u00e2mara Municipal, [&hellip;]<\/p>\n","protected":false},"author":2,"featured_media":0,"comment_status":"open","ping_status":"open","sticky":false,"template":"","format":"standard","meta":{"footnotes":"","_links_to":"","_links_to_target":""},"categories":[1],"tags":[],"class_list":["post-13933","post","type-post","status-publish","format-standard","hentry","category-geral"],"views":1409,"_links":{"self":[{"href":"https:\/\/www.sudoestehoje.com.br\/novoportal\/wp-json\/wp\/v2\/posts\/13933","targetHints":{"allow":["GET"]}}],"collection":[{"href":"https:\/\/www.sudoestehoje.com.br\/novoportal\/wp-json\/wp\/v2\/posts"}],"about":[{"href":"https:\/\/www.sudoestehoje.com.br\/novoportal\/wp-json\/wp\/v2\/types\/post"}],"author":[{"embeddable":true,"href":"https:\/\/www.sudoestehoje.com.br\/novoportal\/wp-json\/wp\/v2\/users\/2"}],"replies":[{"embeddable":true,"href":"https:\/\/www.sudoestehoje.com.br\/novoportal\/wp-json\/wp\/v2\/comments?post=13933"}],"version-history":[{"count":6,"href":"https:\/\/www.sudoestehoje.com.br\/novoportal\/wp-json\/wp\/v2\/posts\/13933\/revisions"}],"predecessor-version":[{"id":13940,"href":"https:\/\/www.sudoestehoje.com.br\/novoportal\/wp-json\/wp\/v2\/posts\/13933\/revisions\/13940"}],"wp:attachment":[{"href":"https:\/\/www.sudoestehoje.com.br\/novoportal\/wp-json\/wp\/v2\/media?parent=13933"}],"wp:term":[{"taxonomy":"category","embeddable":true,"href":"https:\/\/www.sudoestehoje.com.br\/novoportal\/wp-json\/wp\/v2\/categories?post=13933"},{"taxonomy":"post_tag","embeddable":true,"href":"https:\/\/www.sudoestehoje.com.br\/novoportal\/wp-json\/wp\/v2\/tags?post=13933"}],"curies":[{"name":"wp","href":"https:\/\/api.w.org\/{rel}","templated":true}]}}