
{"id":13930,"date":"2012-03-22T12:44:45","date_gmt":"2012-03-22T15:44:45","guid":{"rendered":"http:\/\/www.sudoestehoje.com.br\/novoportal\/?p=13930"},"modified":"2012-03-22T12:44:45","modified_gmt":"2012-03-22T15:44:45","slug":"prefeito-de-jitauna-e-condenado-por-improbidade-administrativa","status":"publish","type":"post","link":"https:\/\/www.sudoestehoje.com.br\/novoportal\/2012\/03\/22\/prefeito-de-jitauna-e-condenado-por-improbidade-administrativa\/","title":{"rendered":"PREFEITO DE JITA\u00daNA \u00c9 CONDENADO POR IMPROBIDADE ADMINISTRATIVA"},"content":{"rendered":"<p><img decoding=\"async\" class=\"aligncenter\" src=\"http:\/\/giroemipiau.com.br\/wp-content\/uploads\/2012\/03\/edizio-194x3001.jpg\" alt=\"\" \/><\/p>\n<p>&nbsp;<\/p>\n<p>O prefeito de Jita\u00fana, Ed\u00edsio Cerqueira Alves (PMDB), foi condenado em primeira inst\u00e2ncia por improbidade administrativa e ter\u00e1 que ressarcir aos cofres p\u00fablicos mais de R$ 300 mil com juros aplic\u00e1veis desde 2009. O gestor tamb\u00e9m teve decretada a perda de seus direitos pol\u00edticos por oito anos. A decis\u00e3o expedida pela ju\u00edza Juliana de Castro \u00e9 resultante de uma a\u00e7\u00e3o proposta pelo Minist\u00e9rio P\u00fablico depois de den\u00fancias feitas pelos vereadores oposicionistas Neres Costa dos Santos, \u00c9dson Silva e Marileide Santana da Costa. Um laborat\u00f3rio que prestava servi\u00e7os \u00e0 popula\u00e7\u00e3o do munic\u00edpio era de propriedade de Juciane de Jesus, que trabalhava como empregada do prefeito. Al\u00e9m disso, a cl\u00ednica funciona em um im\u00f3vel do gestor, venceu uma licita\u00e7\u00e3o da qual n\u00e3o se conhecem os outros concorrentes e seus tr\u00eas funcion\u00e1rios t\u00eam os sal\u00e1rios pagos pela prefeitura. Ed\u00edsio ainda pode recorrer da decis\u00e3o. Informa\u00e7\u00f5es do jornal A Tarde.<\/p>\n","protected":false},"excerpt":{"rendered":"<p>&nbsp; O prefeito de Jita\u00fana, Ed\u00edsio Cerqueira Alves (PMDB), foi condenado em primeira inst\u00e2ncia por improbidade administrativa e ter\u00e1 que ressarcir aos cofres p\u00fablicos mais de R$ 300 mil com juros aplic\u00e1veis desde 2009. O gestor tamb\u00e9m teve decretada a perda de seus direitos pol\u00edticos por oito anos. A decis\u00e3o expedida pela ju\u00edza Juliana de [&hellip;]<\/p>\n","protected":false},"author":2,"featured_media":0,"comment_status":"open","ping_status":"open","sticky":false,"template":"","format":"standard","meta":{"footnotes":"","_links_to":"","_links_to_target":""},"categories":[1],"tags":[],"class_list":["post-13930","post","type-post","status-publish","format-standard","hentry","category-geral"],"views":1195,"_links":{"self":[{"href":"https:\/\/www.sudoestehoje.com.br\/novoportal\/wp-json\/wp\/v2\/posts\/13930","targetHints":{"allow":["GET"]}}],"collection":[{"href":"https:\/\/www.sudoestehoje.com.br\/novoportal\/wp-json\/wp\/v2\/posts"}],"about":[{"href":"https:\/\/www.sudoestehoje.com.br\/novoportal\/wp-json\/wp\/v2\/types\/post"}],"author":[{"embeddable":true,"href":"https:\/\/www.sudoestehoje.com.br\/novoportal\/wp-json\/wp\/v2\/users\/2"}],"replies":[{"embeddable":true,"href":"https:\/\/www.sudoestehoje.com.br\/novoportal\/wp-json\/wp\/v2\/comments?post=13930"}],"version-history":[{"count":1,"href":"https:\/\/www.sudoestehoje.com.br\/novoportal\/wp-json\/wp\/v2\/posts\/13930\/revisions"}],"predecessor-version":[{"id":13931,"href":"https:\/\/www.sudoestehoje.com.br\/novoportal\/wp-json\/wp\/v2\/posts\/13930\/revisions\/13931"}],"wp:attachment":[{"href":"https:\/\/www.sudoestehoje.com.br\/novoportal\/wp-json\/wp\/v2\/media?parent=13930"}],"wp:term":[{"taxonomy":"category","embeddable":true,"href":"https:\/\/www.sudoestehoje.com.br\/novoportal\/wp-json\/wp\/v2\/categories?post=13930"},{"taxonomy":"post_tag","embeddable":true,"href":"https:\/\/www.sudoestehoje.com.br\/novoportal\/wp-json\/wp\/v2\/tags?post=13930"}],"curies":[{"name":"wp","href":"https:\/\/api.w.org\/{rel}","templated":true}]}}