
{"id":13925,"date":"2012-03-22T10:55:53","date_gmt":"2012-03-22T13:55:53","guid":{"rendered":"http:\/\/www.sudoestehoje.com.br\/novoportal\/?p=13925"},"modified":"2012-03-22T10:55:53","modified_gmt":"2012-03-22T13:55:53","slug":"firjan-macarani-e-destaque-em-gestao-fiscal-e-desenvolvimento","status":"publish","type":"post","link":"https:\/\/www.sudoestehoje.com.br\/novoportal\/2012\/03\/22\/firjan-macarani-e-destaque-em-gestao-fiscal-e-desenvolvimento\/","title":{"rendered":"FIRJAN: MACARANI \u00c9 DESTAQUE EM GEST\u00c3O FISCAL E DESENVOLVIMENTO"},"content":{"rendered":"<p><a href=\"http:\/\/www.sudoestehoje.com.br\/novoportal\/wp-content\/uploads\/2012\/03\/Firjan-Macarani.png\"><img loading=\"lazy\" decoding=\"async\" class=\"aligncenter size-full wp-image-13926\" title=\"Firjan Macarani\" src=\"http:\/\/www.sudoestehoje.com.br\/novoportal\/wp-content\/uploads\/2012\/03\/Firjan-Macarani.png\" alt=\"\" width=\"500\" height=\"225\" \/><\/a><\/p>\n<p>&nbsp;<\/p>\n<p>MACARANI: A Federa\u00e7\u00e3o das Ind\u00fastrias do Estado do Rio de Janeiro (FIRJAN) divulgou o \u00edndice FIRJAN de gest\u00e3o fiscal de todos os munic\u00edpios brasileiros. O \u00edndice analisa a gest\u00e3o fiscal e aplica uma m\u00e9dia nacional de desenvolvimento para as cidades. Macarani que foi avaliada como classe \u201cC\u201d em 2008, ficando em 4357\u00ba no ranking nacional e 211\u00ba no estadual, com pontua\u00e7\u00e3o de 0.4044 no \u00edndice de avalia\u00e7\u00e3o de gest\u00e3o fiscal, evoluiu para classe \u201cB\u201d (indicador de boa gest\u00e3o) em 2009, obtendo a invej\u00e1vel 14\u00ba posi\u00e7\u00e3o no panorama estadual e a n\u00edvel nacional a cidade alcan\u00e7ou uma posi\u00e7\u00e3o de alto desenvolvimento, ocupando o posto de 226\u00ba munic\u00edpio de maior investimento entre os 5.564 brasileiros.<\/p>\n<p>O munic\u00edpio de Macarani ficou acima da m\u00e9dia com pontua\u00e7\u00e3o de 0,5309, ficando \u00e0 frente\u00a0 de munic\u00edpios como Itapetinga, Maiquinique, Itarantim, Potiragu\u00e1, Caatiba e Itamb\u00e9.<\/p>\n<p>O prefeito Carlinhos comemorou os n\u00fameros de sua gest\u00e3o e destacou que o munic\u00edpio saiu de um caos administrativo para uma gest\u00e3o que cresceu acima da m\u00e9dia nacional, motivo de orgulho para os macaranienses.<\/p>\n<p>\u201cOs n\u00fameros da FIRJAN s\u00f3 ratificam a qualidade da nossa administra\u00e7\u00e3o. Macarani deu um salto qualitativo em seu desenvolvimento por for\u00e7a de a\u00e7\u00f5es de impacto que implementamos para tirar o munic\u00edpio do caos deixado pelo ex-gestor. O volume de investimentos, conveniados ou n\u00e3o e a boa aplica\u00e7\u00e3o dos recursos p\u00fablicos em setores primordiais como sa\u00fade, educa\u00e7\u00e3o e desenvolvimento social, traduziram em n\u00fameros t\u00e3o bons para nossa cidade&#8221;. Ressaltou o prefeito Carlinhos.<\/p>\n<p><strong><em>Ascom Jota Santos<\/em><\/strong><\/p>\n","protected":false},"excerpt":{"rendered":"<p>&nbsp; MACARANI: A Federa\u00e7\u00e3o das Ind\u00fastrias do Estado do Rio de Janeiro (FIRJAN) divulgou o \u00edndice FIRJAN de gest\u00e3o fiscal de todos os munic\u00edpios brasileiros. O \u00edndice analisa a gest\u00e3o fiscal e aplica uma m\u00e9dia nacional de desenvolvimento para as cidades. Macarani que foi avaliada como classe \u201cC\u201d em 2008, ficando em 4357\u00ba no ranking [&hellip;]<\/p>\n","protected":false},"author":2,"featured_media":0,"comment_status":"open","ping_status":"open","sticky":false,"template":"","format":"standard","meta":{"footnotes":"","_links_to":"","_links_to_target":""},"categories":[1],"tags":[],"class_list":["post-13925","post","type-post","status-publish","format-standard","hentry","category-geral"],"views":1223,"_links":{"self":[{"href":"https:\/\/www.sudoestehoje.com.br\/novoportal\/wp-json\/wp\/v2\/posts\/13925","targetHints":{"allow":["GET"]}}],"collection":[{"href":"https:\/\/www.sudoestehoje.com.br\/novoportal\/wp-json\/wp\/v2\/posts"}],"about":[{"href":"https:\/\/www.sudoestehoje.com.br\/novoportal\/wp-json\/wp\/v2\/types\/post"}],"author":[{"embeddable":true,"href":"https:\/\/www.sudoestehoje.com.br\/novoportal\/wp-json\/wp\/v2\/users\/2"}],"replies":[{"embeddable":true,"href":"https:\/\/www.sudoestehoje.com.br\/novoportal\/wp-json\/wp\/v2\/comments?post=13925"}],"version-history":[{"count":3,"href":"https:\/\/www.sudoestehoje.com.br\/novoportal\/wp-json\/wp\/v2\/posts\/13925\/revisions"}],"predecessor-version":[{"id":13929,"href":"https:\/\/www.sudoestehoje.com.br\/novoportal\/wp-json\/wp\/v2\/posts\/13925\/revisions\/13929"}],"wp:attachment":[{"href":"https:\/\/www.sudoestehoje.com.br\/novoportal\/wp-json\/wp\/v2\/media?parent=13925"}],"wp:term":[{"taxonomy":"category","embeddable":true,"href":"https:\/\/www.sudoestehoje.com.br\/novoportal\/wp-json\/wp\/v2\/categories?post=13925"},{"taxonomy":"post_tag","embeddable":true,"href":"https:\/\/www.sudoestehoje.com.br\/novoportal\/wp-json\/wp\/v2\/tags?post=13925"}],"curies":[{"name":"wp","href":"https:\/\/api.w.org\/{rel}","templated":true}]}}