
{"id":13920,"date":"2012-03-22T08:14:54","date_gmt":"2012-03-22T11:14:54","guid":{"rendered":"http:\/\/www.sudoestehoje.com.br\/novoportal\/?p=13920"},"modified":"2012-03-22T13:07:26","modified_gmt":"2012-03-22T16:07:26","slug":"os-estagiarios-da-bernardo-vidal-e-o-curio-do-delegado","status":"publish","type":"post","link":"https:\/\/www.sudoestehoje.com.br\/novoportal\/2012\/03\/22\/os-estagiarios-da-bernardo-vidal-e-o-curio-do-delegado\/","title":{"rendered":"OS ESTAGI\u00c1RIOS DA BERNARDO VIDAL E O &#8216;CURI\u00d3&#8217; DO DELEGADO"},"content":{"rendered":"<p style=\"text-align: center;\"><a href=\"http:\/\/www.sudoestehoje.com.br\/novoportal\/wp-content\/uploads\/2012\/03\/imagesd-horz.jpg\"><img decoding=\"async\" class=\"aligncenter  wp-image-13921\" title=\"imagesd-horz\" src=\"http:\/\/www.sudoestehoje.com.br\/novoportal\/wp-content\/uploads\/2012\/03\/imagesd-horz.jpg\" alt=\"\" width=\"400\" \/><\/a><\/p>\n<p>&nbsp;<\/p>\n<p>Quando eu vi aqueles meninos da Bernardo Vidal tentando convencer a plat\u00e9ia Z\u00e9 Carlista de que as &#8216;transa\u00e7\u00f5es&#8217; dos seus patr\u00f5es e dos &#8216;articulinos&#8217; da prefeitura foram legais, me veio na mem\u00f3ria um fato que ocorreu comigo, em 1979, quando ainda era estudante de Direito na Universidade Cat\u00f3lica, em Salvador.<\/p>\n<p>V\u00e9spera das elei\u00e7\u00f5es estaduais (somente para deputado federal e estadual), fui passar um final de semana na hist\u00f3rica Santo Amaro da Purifica\u00e7\u00e3o, na casa do amigo Genebaldo Correia (aquele mesmo), que se candidatara a deputado estadual pela primeira vez. Ansioso para &#8216;inaugurar&#8217; a minha carteirinha de estagi\u00e1rio da OAB, atendi ao pedido do amigo candidato para ir at\u00e9 a vizinha cidade de Am\u00e9lia Rodrigues e tentar &#8216;soltar&#8217; da cadeia um rapaz que havia sido preso &#8216;injustamente&#8217;, segundo relato da sua m\u00e3e.<\/p>\n<p>L\u00e1 chegando, deparei com um delegado furioso, que se negava em libertar o rapaz, alegando que este se tratava de um &#8220;ladr\u00e3o perigoso&#8221; e que n\u00e3o seria solto nem que Jesus lhe pedisse. Entretanto, ao analisar os motivos da pris\u00e3o, verifiquei que o &#8216;ladr\u00e3o&#8217; era r\u00e9u prim\u00e1rio, tinha resid\u00eancia fixa e bons antecedentes, e que havia praticado apenas o furto de um passarinho, coisa sem maior import\u00e2ncia, achei.<\/p>\n<p>S\u00f3 que eu n\u00e3o sabia de um pequeno detalhe, que complicou toda a hist\u00f3ria: o passarinho furtado pelo rapaz era o &#8216;Curi\u00f3&#8217; de estima\u00e7\u00e3o do pr\u00f3prio delegado. Durante o relato do nobre representante da lei sobre as habilidades do Curi\u00f3, senti at\u00e9 vontade de chorar. Para piorar, o rapaz havia vendido o Curi\u00f3 para um caminhoneiro da Rio Bahia que, \u00e0quela altura, j\u00e1 deveria estar pra l\u00e1 de S\u00e3o Paulo. Fiquei estarrecido, na maior &#8216;saia justa&#8217; da minha vida e jurei para mim mesmo que jamais atuaria na \u00e1rea criminal, quando me tornasse advogado, e assim o fiz. Com muito jeito e apelando para o prest\u00edgio do meu amigo deputado, convenci o delegado a soltar o &#8216;meliante&#8217; e sa\u00ed correndo dali, como se fosse eu o &#8216;criminoso&#8217;. Na viagem de volta a Santo Amaro, senti vontade de matar o sujeito, confesso.<\/p>\n<p>N\u00e3o posso afirmar que os meninos da Vidal tenham passado por um &#8216;aperto&#8217; como este, no momento em que tentavam defender o indefens\u00e1vel, diante de uma plat\u00e9ia incr\u00e9dula e desconfiada, mas tenho certeza que eles contavam os minutos para &#8216;se mandarem&#8217; dali, correndo e sem olhar para traz.<\/p>\n<p>Entretanto, de uma coisa eu n\u00e3o tenho d\u00favida: se continuarem no ramo, os &#8216;clones&#8217; da Bernardo Vidal v\u00e3o bem longe&#8230;<\/p>\n<p><strong><em>Por DAVI FERRAZ<\/em><\/strong><\/p>\n<p>&nbsp;<\/p>\n","protected":false},"excerpt":{"rendered":"<p>&nbsp; Quando eu vi aqueles meninos da Bernardo Vidal tentando convencer a plat\u00e9ia Z\u00e9 Carlista de que as &#8216;transa\u00e7\u00f5es&#8217; dos seus patr\u00f5es e dos &#8216;articulinos&#8217; da prefeitura foram legais, me veio na mem\u00f3ria um fato que ocorreu comigo, em 1979, quando ainda era estudante de Direito na Universidade Cat\u00f3lica, em Salvador. V\u00e9spera das elei\u00e7\u00f5es estaduais [&hellip;]<\/p>\n","protected":false},"author":2,"featured_media":0,"comment_status":"open","ping_status":"open","sticky":false,"template":"","format":"standard","meta":{"footnotes":"","_links_to":"","_links_to_target":""},"categories":[1],"tags":[],"class_list":["post-13920","post","type-post","status-publish","format-standard","hentry","category-geral"],"views":1423,"_links":{"self":[{"href":"https:\/\/www.sudoestehoje.com.br\/novoportal\/wp-json\/wp\/v2\/posts\/13920","targetHints":{"allow":["GET"]}}],"collection":[{"href":"https:\/\/www.sudoestehoje.com.br\/novoportal\/wp-json\/wp\/v2\/posts"}],"about":[{"href":"https:\/\/www.sudoestehoje.com.br\/novoportal\/wp-json\/wp\/v2\/types\/post"}],"author":[{"embeddable":true,"href":"https:\/\/www.sudoestehoje.com.br\/novoportal\/wp-json\/wp\/v2\/users\/2"}],"replies":[{"embeddable":true,"href":"https:\/\/www.sudoestehoje.com.br\/novoportal\/wp-json\/wp\/v2\/comments?post=13920"}],"version-history":[{"count":4,"href":"https:\/\/www.sudoestehoje.com.br\/novoportal\/wp-json\/wp\/v2\/posts\/13920\/revisions"}],"predecessor-version":[{"id":13924,"href":"https:\/\/www.sudoestehoje.com.br\/novoportal\/wp-json\/wp\/v2\/posts\/13920\/revisions\/13924"}],"wp:attachment":[{"href":"https:\/\/www.sudoestehoje.com.br\/novoportal\/wp-json\/wp\/v2\/media?parent=13920"}],"wp:term":[{"taxonomy":"category","embeddable":true,"href":"https:\/\/www.sudoestehoje.com.br\/novoportal\/wp-json\/wp\/v2\/categories?post=13920"},{"taxonomy":"post_tag","embeddable":true,"href":"https:\/\/www.sudoestehoje.com.br\/novoportal\/wp-json\/wp\/v2\/tags?post=13920"}],"curies":[{"name":"wp","href":"https:\/\/api.w.org\/{rel}","templated":true}]}}