
{"id":13876,"date":"2012-03-21T00:55:45","date_gmt":"2012-03-21T03:55:45","guid":{"rendered":"http:\/\/www.sudoestehoje.com.br\/novoportal\/?p=13876"},"modified":"2012-03-21T02:48:02","modified_gmt":"2012-03-21T05:48:02","slug":"wagner-visita-regiao-sudoeste-no-proximo-sabado","status":"publish","type":"post","link":"https:\/\/www.sudoestehoje.com.br\/novoportal\/2012\/03\/21\/wagner-visita-regiao-sudoeste-no-proximo-sabado\/","title":{"rendered":"WAGNER VISITA REGI\u00c3O SUDOESTE NO PR\u00d3XIMO S\u00c1BADO"},"content":{"rendered":"<p><img decoding=\"async\" class=\"aligncenter\" src=\"http:\/\/www.blogdaresenhageral.com.br\/v1\/wp-content\/uploads\/wagner7.jpg\" alt=\"\" width=\"400\" \/><\/p>\n<p>&nbsp;<\/p>\n<p>REGI\u00c3O SUDOESTE: No pr\u00f3ximo s\u00e1bado (24) o governador do estado da Bahia, Jaques Wagner (PT), cumpre uma extensa agenda na regi\u00e3o Sudoeste.\u00a0Pela manh\u00e3 o petista visita a cidade de Itamb\u00e9 para inaugurar a recupera\u00e7\u00e3o da BA-263. Logo depois, Wagner vai estar no munic\u00edpio de Barra do Cho\u00e7a, entregando a popula\u00e7\u00e3o o asfaltamento\u00a0da estrada que liga Barra do Cho\u00e7a ao distrito de Barra Nova.\u00a0No per\u00edodo da tarde, o governador \u00a0marca presen\u00e7a na Expoconquista 2012.\u00a0Como n\u00e3o tem nenhuma obra para inaugurar por aqui, a vinda de Wagner a Itapetinga fica adiada <em>sine die<\/em>.<\/p>\n<p>Informa\u00e7\u00f5es do <em>Blog da Resenha Geral<\/em><\/p>\n<p>&nbsp;<\/p>\n","protected":false},"excerpt":{"rendered":"<p>&nbsp; REGI\u00c3O SUDOESTE: No pr\u00f3ximo s\u00e1bado (24) o governador do estado da Bahia, Jaques Wagner (PT), cumpre uma extensa agenda na regi\u00e3o Sudoeste.\u00a0Pela manh\u00e3 o petista visita a cidade de Itamb\u00e9 para inaugurar a recupera\u00e7\u00e3o da BA-263. Logo depois, Wagner vai estar no munic\u00edpio de Barra do Cho\u00e7a, entregando a popula\u00e7\u00e3o o asfaltamento\u00a0da estrada que [&hellip;]<\/p>\n","protected":false},"author":2,"featured_media":0,"comment_status":"open","ping_status":"open","sticky":false,"template":"","format":"standard","meta":{"footnotes":"","_links_to":"","_links_to_target":""},"categories":[1],"tags":[],"class_list":["post-13876","post","type-post","status-publish","format-standard","hentry","category-geral"],"views":1655,"_links":{"self":[{"href":"https:\/\/www.sudoestehoje.com.br\/novoportal\/wp-json\/wp\/v2\/posts\/13876","targetHints":{"allow":["GET"]}}],"collection":[{"href":"https:\/\/www.sudoestehoje.com.br\/novoportal\/wp-json\/wp\/v2\/posts"}],"about":[{"href":"https:\/\/www.sudoestehoje.com.br\/novoportal\/wp-json\/wp\/v2\/types\/post"}],"author":[{"embeddable":true,"href":"https:\/\/www.sudoestehoje.com.br\/novoportal\/wp-json\/wp\/v2\/users\/2"}],"replies":[{"embeddable":true,"href":"https:\/\/www.sudoestehoje.com.br\/novoportal\/wp-json\/wp\/v2\/comments?post=13876"}],"version-history":[{"count":4,"href":"https:\/\/www.sudoestehoje.com.br\/novoportal\/wp-json\/wp\/v2\/posts\/13876\/revisions"}],"predecessor-version":[{"id":13879,"href":"https:\/\/www.sudoestehoje.com.br\/novoportal\/wp-json\/wp\/v2\/posts\/13876\/revisions\/13879"}],"wp:attachment":[{"href":"https:\/\/www.sudoestehoje.com.br\/novoportal\/wp-json\/wp\/v2\/media?parent=13876"}],"wp:term":[{"taxonomy":"category","embeddable":true,"href":"https:\/\/www.sudoestehoje.com.br\/novoportal\/wp-json\/wp\/v2\/categories?post=13876"},{"taxonomy":"post_tag","embeddable":true,"href":"https:\/\/www.sudoestehoje.com.br\/novoportal\/wp-json\/wp\/v2\/tags?post=13876"}],"curies":[{"name":"wp","href":"https:\/\/api.w.org\/{rel}","templated":true}]}}