
{"id":13872,"date":"2012-03-21T00:24:08","date_gmt":"2012-03-21T03:24:08","guid":{"rendered":"http:\/\/www.sudoestehoje.com.br\/novoportal\/?p=13872"},"modified":"2012-03-21T02:48:30","modified_gmt":"2012-03-21T05:48:30","slug":"prefeito-de-conquista-lanca-farda-escolar-com-chip","status":"publish","type":"post","link":"https:\/\/www.sudoestehoje.com.br\/novoportal\/2012\/03\/21\/prefeito-de-conquista-lanca-farda-escolar-com-chip\/","title":{"rendered":"PREFEITO DE CONQUISTA LAN\u00c7A FARDA ESCOLAR COM CHIP"},"content":{"rendered":"<p style=\"text-align: center;\"><img decoding=\"async\" class=\"aligncenter\" src=\"http:\/\/opatifundio.com\/site\/wp-content\/uploads\/2009\/07\/chip_deputados.jpg\" alt=\"\" width=\"400\" \/><\/p>\n<p>&nbsp;<\/p>\n<p>VIT\u00d3RIA DA CONQUISTA: Segundo o Blog do Anderson, o prefeito Guilherme Menezes lan\u00e7ou nessa ter\u00e7a-feira (20), no Centro Municipal de Educa\u00e7\u00e3o Prof\u00ba Paulo Freire\/ Caic, um uniforme escolar inusitado. A farda, desenvolvida com a tecnologia de identifica\u00e7\u00e3o por radiofrequ\u00eancia, possui uma etiqueta com um n\u00famero universal, que ser\u00e1 cadastrada no sistema da escola com todos os dados do estudante e com o celular dos respons\u00e1veis. Na entrada da escola ser\u00e1 instalado um sensor, que confirmar\u00e1 com precis\u00e3o a chegada e a sa\u00edda do aluno. Dessa forma, sempre que o educando passar pelo sensor, imediatamente, ser\u00e1 encaminhada uma mensagem de texto\/SMS para o celular cadastrado no sistema.<\/p>\n<p>A farda com chip pode at\u00e9 ser eficiente no aspecto seguran\u00e7a, mas o prefeito n\u00e3o deve deixar de prover as escolas municipais das condi\u00e7\u00f5es m\u00ednimas de funcionamento, para n\u00e3o passar outro vexame, como j\u00e1 aconteceu meses atr\u00e1s com a Escola Municipal\u00a0Dom Clim\u00e9rio de Almeida Andrade, denunciada pela Revista Veja como uma das piores do Brasil.<\/p>\n<p><strong><em>Da Reda\u00e7\u00e3o\u00a0<\/em><\/strong><\/p>\n<p>&nbsp;<\/p>\n<p>&nbsp;<\/p>\n","protected":false},"excerpt":{"rendered":"<p>&nbsp; VIT\u00d3RIA DA CONQUISTA: Segundo o Blog do Anderson, o prefeito Guilherme Menezes lan\u00e7ou nessa ter\u00e7a-feira (20), no Centro Municipal de Educa\u00e7\u00e3o Prof\u00ba Paulo Freire\/ Caic, um uniforme escolar inusitado. A farda, desenvolvida com a tecnologia de identifica\u00e7\u00e3o por radiofrequ\u00eancia, possui uma etiqueta com um n\u00famero universal, que ser\u00e1 cadastrada no sistema da escola com [&hellip;]<\/p>\n","protected":false},"author":2,"featured_media":0,"comment_status":"open","ping_status":"open","sticky":false,"template":"","format":"standard","meta":{"footnotes":"","_links_to":"","_links_to_target":""},"categories":[1],"tags":[],"class_list":["post-13872","post","type-post","status-publish","format-standard","hentry","category-geral"],"views":1768,"_links":{"self":[{"href":"https:\/\/www.sudoestehoje.com.br\/novoportal\/wp-json\/wp\/v2\/posts\/13872","targetHints":{"allow":["GET"]}}],"collection":[{"href":"https:\/\/www.sudoestehoje.com.br\/novoportal\/wp-json\/wp\/v2\/posts"}],"about":[{"href":"https:\/\/www.sudoestehoje.com.br\/novoportal\/wp-json\/wp\/v2\/types\/post"}],"author":[{"embeddable":true,"href":"https:\/\/www.sudoestehoje.com.br\/novoportal\/wp-json\/wp\/v2\/users\/2"}],"replies":[{"embeddable":true,"href":"https:\/\/www.sudoestehoje.com.br\/novoportal\/wp-json\/wp\/v2\/comments?post=13872"}],"version-history":[{"count":4,"href":"https:\/\/www.sudoestehoje.com.br\/novoportal\/wp-json\/wp\/v2\/posts\/13872\/revisions"}],"predecessor-version":[{"id":13874,"href":"https:\/\/www.sudoestehoje.com.br\/novoportal\/wp-json\/wp\/v2\/posts\/13872\/revisions\/13874"}],"wp:attachment":[{"href":"https:\/\/www.sudoestehoje.com.br\/novoportal\/wp-json\/wp\/v2\/media?parent=13872"}],"wp:term":[{"taxonomy":"category","embeddable":true,"href":"https:\/\/www.sudoestehoje.com.br\/novoportal\/wp-json\/wp\/v2\/categories?post=13872"},{"taxonomy":"post_tag","embeddable":true,"href":"https:\/\/www.sudoestehoje.com.br\/novoportal\/wp-json\/wp\/v2\/tags?post=13872"}],"curies":[{"name":"wp","href":"https:\/\/api.w.org\/{rel}","templated":true}]}}