
{"id":13862,"date":"2012-03-20T00:01:35","date_gmt":"2012-03-20T03:01:35","guid":{"rendered":"http:\/\/www.sudoestehoje.com.br\/novoportal\/?p=13862"},"modified":"2012-03-19T21:15:41","modified_gmt":"2012-03-20T00:15:41","slug":"jequie-conjunto-e-inaugurado-mas-as-chaves-nao-sao-entregues","status":"publish","type":"post","link":"https:\/\/www.sudoestehoje.com.br\/novoportal\/2012\/03\/20\/jequie-conjunto-e-inaugurado-mas-as-chaves-nao-sao-entregues\/","title":{"rendered":"JEQUI\u00c9: CONJUNTO \u00c9 INAUGURADO, MAS AS CHAVES N\u00c3O S\u00c3O ENTREGUES"},"content":{"rendered":"<p><img decoding=\"async\" class=\"aligncenter\" src=\"http:\/\/www.bahianoticias.com.br\/fotos\/principal_noticias\/113143\/IMAGEM_NOTICIA_5.jpg\" alt=\"Jequi\u00e9: Conjunto \u00e9 inaugurado h\u00e1 4 meses, mas at\u00e9 agora chaves n\u00e3o foram entregues\" width=\"400\" \/><\/p>\n<p style=\"text-align: center;\"><em>Wagner inaugurou conjunto &#8216;Minha Casa&#8217; h\u00e1 4 meses, mas ningu\u00e9m recebeu as casas<\/em><\/p>\n<p>&nbsp;<\/p>\n<p>JEQUI\u00c9: As 500 casas do Conjunto Residencial Beira Rio, em Jequi\u00e9, no sudoesre baiano, foram inauguradas em novembro do ano passado, mas at\u00e9 esta segunda-feira (19), nenhum morador sorteado recebeu a chave do im\u00f3vel. As unidades, localizadas no bairro da Cidade Nova, fazem parte do programa do governo federal \u201cMinha Casa Minha Vida\u201d.<\/p>\n<p>Em entrevista nesta segunda \u00e0 r\u00e1dio 93 FM, o diretor de Habita\u00e7\u00e3o da prefeitura, Ewaldo Souza Almeida, questionado sobre a demora na entrega das casas, revelou que houve \u201cprecipita\u00e7\u00e3o\u201d na inaugura\u00e7\u00e3o do conjunto. A festa de lan\u00e7amento da \u00e1rea residencial contou com a participa\u00e7\u00e3o do governador Jaques Wagner (PT), do ent\u00e3o ministro das Cidades, deputado M\u00e1rio Negromonte (PP), senadores, deputados, representantes da Caixa Econ\u00f4mica Federal, al\u00e9m de alcaides e vereadores de outros munic\u00edpios baianos.\u00a0Segundo o site Jequi\u00e9 Rep\u00f3rter, a data prometida na cerim\u00f4nia para a entrega das chaves seria em meados de dezembro de 2011.<\/p>\n<p><img decoding=\"async\" class=\"aligncenter\" src=\"http:\/\/www.bahianoticias.com.br\/ckfinder\/userfiles\/images\/entretenimento\/111111MDj%2006(1).jpg\" alt=\"\" width=\"400\" \/><\/p>\n<p>Na entrevista, o servidor municipal defendeu a gest\u00e3o jequieense e culpou a administra\u00e7\u00e3o estadual pela &#8220;falha&#8221;. \u201cQuando li que estava marcada a data da inaugura\u00e7\u00e3o, ainda me recuperando de um problema de sa\u00fade em Salvador, adverti para que n\u00e3o fosse marcada a inaugura\u00e7\u00e3o em face de pend\u00eancias ainda existentes nos documentos. [&#8230;] As autoridades estaduais assessoraram mal. Se eu fosse o governador, puxava a orelha de muita gente\u201d, analisou.<\/p>\n<p>O agente p\u00fablico ainda cobrou das autoridades a resolu\u00e7\u00e3o do &#8220;pepino&#8221;. &#8220;Teve muita gente que n\u00e3o ajudou em nada, apareceu no dia da festa procurando aparecer e agora deveria assumir a responsabilidade de resolver esse problema\u201d, cutucou.<\/p>\n<p><strong><em>Bahia Not\u00edcias<\/em><\/strong><\/p>\n","protected":false},"excerpt":{"rendered":"<p>Wagner inaugurou conjunto &#8216;Minha Casa&#8217; h\u00e1 4 meses, mas ningu\u00e9m recebeu as casas &nbsp; JEQUI\u00c9: As 500 casas do Conjunto Residencial Beira Rio, em Jequi\u00e9, no sudoesre baiano, foram inauguradas em novembro do ano passado, mas at\u00e9 esta segunda-feira (19), nenhum morador sorteado recebeu a chave do im\u00f3vel. As unidades, localizadas no bairro da Cidade [&hellip;]<\/p>\n","protected":false},"author":2,"featured_media":0,"comment_status":"open","ping_status":"open","sticky":false,"template":"","format":"standard","meta":{"footnotes":"","_links_to":"","_links_to_target":""},"categories":[1],"tags":[],"class_list":["post-13862","post","type-post","status-publish","format-standard","hentry","category-geral"],"views":1246,"_links":{"self":[{"href":"https:\/\/www.sudoestehoje.com.br\/novoportal\/wp-json\/wp\/v2\/posts\/13862","targetHints":{"allow":["GET"]}}],"collection":[{"href":"https:\/\/www.sudoestehoje.com.br\/novoportal\/wp-json\/wp\/v2\/posts"}],"about":[{"href":"https:\/\/www.sudoestehoje.com.br\/novoportal\/wp-json\/wp\/v2\/types\/post"}],"author":[{"embeddable":true,"href":"https:\/\/www.sudoestehoje.com.br\/novoportal\/wp-json\/wp\/v2\/users\/2"}],"replies":[{"embeddable":true,"href":"https:\/\/www.sudoestehoje.com.br\/novoportal\/wp-json\/wp\/v2\/comments?post=13862"}],"version-history":[{"count":3,"href":"https:\/\/www.sudoestehoje.com.br\/novoportal\/wp-json\/wp\/v2\/posts\/13862\/revisions"}],"predecessor-version":[{"id":13865,"href":"https:\/\/www.sudoestehoje.com.br\/novoportal\/wp-json\/wp\/v2\/posts\/13862\/revisions\/13865"}],"wp:attachment":[{"href":"https:\/\/www.sudoestehoje.com.br\/novoportal\/wp-json\/wp\/v2\/media?parent=13862"}],"wp:term":[{"taxonomy":"category","embeddable":true,"href":"https:\/\/www.sudoestehoje.com.br\/novoportal\/wp-json\/wp\/v2\/categories?post=13862"},{"taxonomy":"post_tag","embeddable":true,"href":"https:\/\/www.sudoestehoje.com.br\/novoportal\/wp-json\/wp\/v2\/tags?post=13862"}],"curies":[{"name":"wp","href":"https:\/\/api.w.org\/{rel}","templated":true}]}}