
{"id":13822,"date":"2012-03-18T16:44:17","date_gmt":"2012-03-18T19:44:17","guid":{"rendered":"http:\/\/www.sudoestehoje.com.br\/novoportal\/?p=13822"},"modified":"2012-03-18T16:44:17","modified_gmt":"2012-03-18T19:44:17","slug":"itapetinga-a-beira-da-falencia","status":"publish","type":"post","link":"https:\/\/www.sudoestehoje.com.br\/novoportal\/2012\/03\/18\/itapetinga-a-beira-da-falencia\/","title":{"rendered":"ITAPETINGA \u00c0 BEIRA DA FAL\u00caNCIA"},"content":{"rendered":"<p>Pelo menos 90% dos munic\u00edpios baianos n\u00e3o sabem administrar seus recursos financeiros. \u00c9 o que aponta o \u00cdndice Firjan de Gest\u00e3o Fiscal (IFGF), divulgado ontem, pela Federa\u00e7\u00e3o das Ind\u00fastrias do Rio de Janeiro (Firjan). Baseada em dados de 2006 a 2010, a pesquisa afirma que 82 das 374 cidades baianas investigadas est\u00e3o entre as 500 piores do pa\u00eds \u2013 um quinto das prefeituras. Itapetinga figura entre as piores da Bahia e do Brasil (ver tabela abaixo).<\/p>\n<p><img decoding=\"async\" src=\"http:\/\/www.blogdaresenhageral.com.br\/v1\/wp-content\/uploads\/RTEmagicC_tabelacidades1.jpg.jpg\" alt=\"\" \/><\/p>\n<p>&nbsp;<\/p>\n<p><em><strong>CORREIO<\/strong><\/em><\/p>\n","protected":false},"excerpt":{"rendered":"<p>Pelo menos 90% dos munic\u00edpios baianos n\u00e3o sabem administrar seus recursos financeiros. \u00c9 o que aponta o \u00cdndice Firjan de Gest\u00e3o Fiscal (IFGF), divulgado ontem, pela Federa\u00e7\u00e3o das Ind\u00fastrias do Rio de Janeiro (Firjan). Baseada em dados de 2006 a 2010, a pesquisa afirma que 82 das 374 cidades baianas investigadas est\u00e3o entre as 500 [&hellip;]<\/p>\n","protected":false},"author":2,"featured_media":0,"comment_status":"open","ping_status":"open","sticky":false,"template":"","format":"standard","meta":{"footnotes":"","_links_to":"","_links_to_target":""},"categories":[1],"tags":[],"class_list":["post-13822","post","type-post","status-publish","format-standard","hentry","category-geral"],"views":1322,"_links":{"self":[{"href":"https:\/\/www.sudoestehoje.com.br\/novoportal\/wp-json\/wp\/v2\/posts\/13822","targetHints":{"allow":["GET"]}}],"collection":[{"href":"https:\/\/www.sudoestehoje.com.br\/novoportal\/wp-json\/wp\/v2\/posts"}],"about":[{"href":"https:\/\/www.sudoestehoje.com.br\/novoportal\/wp-json\/wp\/v2\/types\/post"}],"author":[{"embeddable":true,"href":"https:\/\/www.sudoestehoje.com.br\/novoportal\/wp-json\/wp\/v2\/users\/2"}],"replies":[{"embeddable":true,"href":"https:\/\/www.sudoestehoje.com.br\/novoportal\/wp-json\/wp\/v2\/comments?post=13822"}],"version-history":[{"count":2,"href":"https:\/\/www.sudoestehoje.com.br\/novoportal\/wp-json\/wp\/v2\/posts\/13822\/revisions"}],"predecessor-version":[{"id":13824,"href":"https:\/\/www.sudoestehoje.com.br\/novoportal\/wp-json\/wp\/v2\/posts\/13822\/revisions\/13824"}],"wp:attachment":[{"href":"https:\/\/www.sudoestehoje.com.br\/novoportal\/wp-json\/wp\/v2\/media?parent=13822"}],"wp:term":[{"taxonomy":"category","embeddable":true,"href":"https:\/\/www.sudoestehoje.com.br\/novoportal\/wp-json\/wp\/v2\/categories?post=13822"},{"taxonomy":"post_tag","embeddable":true,"href":"https:\/\/www.sudoestehoje.com.br\/novoportal\/wp-json\/wp\/v2\/tags?post=13822"}],"curies":[{"name":"wp","href":"https:\/\/api.w.org\/{rel}","templated":true}]}}