
{"id":13811,"date":"2012-03-17T09:02:09","date_gmt":"2012-03-17T12:02:09","guid":{"rendered":"http:\/\/www.sudoestehoje.com.br\/novoportal\/?p=13811"},"modified":"2012-03-19T12:00:08","modified_gmt":"2012-03-19T15:00:08","slug":"entrega-da-medalha-juvino-oliveira-e-tranferida-para-20-de-abril","status":"publish","type":"post","link":"https:\/\/www.sudoestehoje.com.br\/novoportal\/2012\/03\/17\/entrega-da-medalha-juvino-oliveira-e-tranferida-para-20-de-abril\/","title":{"rendered":"ENTREGA DA MEDALHA JUVINO OLIVEIRA \u00c9 TRANSFERIDA PARA 20 DE ABRIL"},"content":{"rendered":"<p><img decoding=\"async\" class=\"alignleft\" src=\"http:\/\/t0.gstatic.com\/images?q=tbn:ANd9GcRLDN3RvsjAhxVDtnxlWdWgrxwDHwM5hAuwBY_INta8RXMts8cBnQ\" alt=\"\" \/>A coordena\u00e7\u00e3o da festa para entrega da Medalha Juvino Oliveira entrou em contato com a nossa reda\u00e7\u00e3o para informar que a realiza\u00e7\u00e3o do evento foi transferida para o dia 20 de abril pr\u00f3ximo. Segundo a coordena\u00e7\u00e3o, um n\u00famero muito grande de homenageados entrou em contato solicitando este adiamento, por n\u00e3o terem possibilidade de comparecer neste s\u00e1bado (17), por raz\u00f5es de trabalho e outros compromissos previamente assumidos. O feriado de S\u00e3o Jos\u00e9, na pr\u00f3xima segunda-feira, \u00a0tamb\u00e9m contribuiu para o adiamento, vez que muitas pessoas ir\u00e3o viajar no feriad\u00e3o.<\/p>\n<p><strong><em>Da Reda\u00e7\u00e3o<\/em><\/strong><\/p>\n","protected":false},"excerpt":{"rendered":"<p>A coordena\u00e7\u00e3o da festa para entrega da Medalha Juvino Oliveira entrou em contato com a nossa reda\u00e7\u00e3o para informar que a realiza\u00e7\u00e3o do evento foi transferida para o dia 20 de abril pr\u00f3ximo. Segundo a coordena\u00e7\u00e3o, um n\u00famero muito grande de homenageados entrou em contato solicitando este adiamento, por n\u00e3o terem possibilidade de comparecer neste [&hellip;]<\/p>\n","protected":false},"author":2,"featured_media":0,"comment_status":"open","ping_status":"open","sticky":false,"template":"","format":"standard","meta":{"footnotes":"","_links_to":"","_links_to_target":""},"categories":[1],"tags":[],"class_list":["post-13811","post","type-post","status-publish","format-standard","hentry","category-geral"],"views":1227,"_links":{"self":[{"href":"https:\/\/www.sudoestehoje.com.br\/novoportal\/wp-json\/wp\/v2\/posts\/13811","targetHints":{"allow":["GET"]}}],"collection":[{"href":"https:\/\/www.sudoestehoje.com.br\/novoportal\/wp-json\/wp\/v2\/posts"}],"about":[{"href":"https:\/\/www.sudoestehoje.com.br\/novoportal\/wp-json\/wp\/v2\/types\/post"}],"author":[{"embeddable":true,"href":"https:\/\/www.sudoestehoje.com.br\/novoportal\/wp-json\/wp\/v2\/users\/2"}],"replies":[{"embeddable":true,"href":"https:\/\/www.sudoestehoje.com.br\/novoportal\/wp-json\/wp\/v2\/comments?post=13811"}],"version-history":[{"count":5,"href":"https:\/\/www.sudoestehoje.com.br\/novoportal\/wp-json\/wp\/v2\/posts\/13811\/revisions"}],"predecessor-version":[{"id":13815,"href":"https:\/\/www.sudoestehoje.com.br\/novoportal\/wp-json\/wp\/v2\/posts\/13811\/revisions\/13815"}],"wp:attachment":[{"href":"https:\/\/www.sudoestehoje.com.br\/novoportal\/wp-json\/wp\/v2\/media?parent=13811"}],"wp:term":[{"taxonomy":"category","embeddable":true,"href":"https:\/\/www.sudoestehoje.com.br\/novoportal\/wp-json\/wp\/v2\/categories?post=13811"},{"taxonomy":"post_tag","embeddable":true,"href":"https:\/\/www.sudoestehoje.com.br\/novoportal\/wp-json\/wp\/v2\/tags?post=13811"}],"curies":[{"name":"wp","href":"https:\/\/api.w.org\/{rel}","templated":true}]}}