
{"id":13803,"date":"2012-03-16T23:42:31","date_gmt":"2012-03-17T02:42:31","guid":{"rendered":"http:\/\/www.sudoestehoje.com.br\/novoportal\/?p=13803"},"modified":"2012-03-16T23:42:31","modified_gmt":"2012-03-17T02:42:31","slug":"aviao-do-pt","status":"publish","type":"post","link":"https:\/\/www.sudoestehoje.com.br\/novoportal\/2012\/03\/16\/aviao-do-pt\/","title":{"rendered":"AVI\u00c3O DO PT?"},"content":{"rendered":"<p><img decoding=\"async\" class=\"aligncenter\" src=\"http:\/\/www.sudoestehoje.com.br\/novoportal\/wp-content\/uploads\/2012\/03\/GEDC0945-500x281.jpg\" alt=\"\" width=\"150\" \/><\/p>\n<p>Alguns curiosos que foram ao local onde o avi\u00e3o fez um pouso for\u00e7ado, ficaram se perguntando de quem era aquele &#8216;bicho&#8217; do outro mundo. Um sujeito da oposi\u00e7\u00e3o quis logo atribuir a queda do avi\u00e3o, que tinha no prefixo as letras &#8216;PT&#8217;, ao &#8216;azar&#8217; do prefeito Z\u00e9 Carlos, dizendo em alto e bom som: &#8220;Aqui em Itapetinga, tudo que \u00e9 do PT t\u00e1 caindo, at\u00e9 avi\u00e3o&#8221;. Outros mais desconfiados, chegaram a afirmar que o avi\u00e3o era da Vidal e que a queda foi causada pelo &#8216;peso&#8217; da bagagem. Ser\u00e1&#8230;?<\/p>\n","protected":false},"excerpt":{"rendered":"<p>Alguns curiosos que foram ao local onde o avi\u00e3o fez um pouso for\u00e7ado, ficaram se perguntando de quem era aquele &#8216;bicho&#8217; do outro mundo. Um sujeito da oposi\u00e7\u00e3o quis logo atribuir a queda do avi\u00e3o, que tinha no prefixo as letras &#8216;PT&#8217;, ao &#8216;azar&#8217; do prefeito Z\u00e9 Carlos, dizendo em alto e bom som: &#8220;Aqui [&hellip;]<\/p>\n","protected":false},"author":2,"featured_media":0,"comment_status":"open","ping_status":"open","sticky":false,"template":"","format":"standard","meta":{"footnotes":"","_links_to":"","_links_to_target":""},"categories":[11],"tags":[],"class_list":["post-13803","post","type-post","status-publish","format-standard","hentry","category-quentinhas"],"views":1194,"_links":{"self":[{"href":"https:\/\/www.sudoestehoje.com.br\/novoportal\/wp-json\/wp\/v2\/posts\/13803","targetHints":{"allow":["GET"]}}],"collection":[{"href":"https:\/\/www.sudoestehoje.com.br\/novoportal\/wp-json\/wp\/v2\/posts"}],"about":[{"href":"https:\/\/www.sudoestehoje.com.br\/novoportal\/wp-json\/wp\/v2\/types\/post"}],"author":[{"embeddable":true,"href":"https:\/\/www.sudoestehoje.com.br\/novoportal\/wp-json\/wp\/v2\/users\/2"}],"replies":[{"embeddable":true,"href":"https:\/\/www.sudoestehoje.com.br\/novoportal\/wp-json\/wp\/v2\/comments?post=13803"}],"version-history":[{"count":2,"href":"https:\/\/www.sudoestehoje.com.br\/novoportal\/wp-json\/wp\/v2\/posts\/13803\/revisions"}],"predecessor-version":[{"id":13805,"href":"https:\/\/www.sudoestehoje.com.br\/novoportal\/wp-json\/wp\/v2\/posts\/13803\/revisions\/13805"}],"wp:attachment":[{"href":"https:\/\/www.sudoestehoje.com.br\/novoportal\/wp-json\/wp\/v2\/media?parent=13803"}],"wp:term":[{"taxonomy":"category","embeddable":true,"href":"https:\/\/www.sudoestehoje.com.br\/novoportal\/wp-json\/wp\/v2\/categories?post=13803"},{"taxonomy":"post_tag","embeddable":true,"href":"https:\/\/www.sudoestehoje.com.br\/novoportal\/wp-json\/wp\/v2\/tags?post=13803"}],"curies":[{"name":"wp","href":"https:\/\/api.w.org\/{rel}","templated":true}]}}