
{"id":13773,"date":"2012-03-16T17:10:15","date_gmt":"2012-03-16T20:10:15","guid":{"rendered":"http:\/\/www.sudoestehoje.com.br\/novoportal\/?p=13773"},"modified":"2012-03-16T17:10:15","modified_gmt":"2012-03-16T20:10:15","slug":"itapetinga-uesb-busca-seguranca-nas-imediacoes-do-campus","status":"publish","type":"post","link":"https:\/\/www.sudoestehoje.com.br\/novoportal\/2012\/03\/16\/itapetinga-uesb-busca-seguranca-nas-imediacoes-do-campus\/","title":{"rendered":"ITAPETINGA: UESB BUSCA SEGURAN\u00c7A NAS IMEDIA\u00c7\u00d5ES DO CAMPUS"},"content":{"rendered":"<p><img decoding=\"async\" class=\"aligncenter\" src=\"http:\/\/www.uesb.br\/ascom\/noticias\/imagens\/Rech_Serpa_Melo.jpg\" alt=\"\" width=\"400\" \/><\/p>\n<p>&nbsp;<\/p>\n<p>Buscando ampliar e garantir a seguran\u00e7a dos alunos e funcion\u00e1rios da Uesb, campus de Itapetinga, o vice-reitor Jos\u00e9 Luiz Rech se reuniu na manh\u00e3 de hoje, 16, com o comandante da Companhia Independente de Pol\u00edcia Militar de Itapetinga, o tenente coronel Serpa, e tamb\u00e9m com o coronel Santos Melo. O objetivo do encontro foi solicitar uma ronda nas imedia\u00e7\u00f5es do campus, no per\u00edodo das 18 \u00e0s 23 horas, em que h\u00e1 maior movimenta\u00e7\u00e3o de entrada e sa\u00edda dos alunos.<\/p>\n<p>Com a recente fuga de presos da cidade e de munic\u00edpio vizinhos, o n\u00famero de ocorr\u00eancias registradas em locais pr\u00f3ximos ao campus aumentou. Outro fator que prejudica a seguran\u00e7a na regi\u00e3o \u00e9 a car\u00eancia de ilumina\u00e7\u00e3o p\u00fablica adequada, j\u00e1 que o campus fica localizado pr\u00f3ximo a rodovia. Na semana passada um grupo de alunos participou da Sess\u00e3o da C\u00e2mara de Vereadores tamb\u00e9m buscando por esta melhoria.<\/p>\n<p>O comando da PM se colocou \u00e0 disposi\u00e7\u00e3o da comunidade universit\u00e1ria para contribuir com a seguran\u00e7a na regi\u00e3o. De acordo com o vice-reitor, em breve haver\u00e1 tamb\u00e9m uma reuni\u00e3o com a administra\u00e7\u00e3o municipal, visando integrar as a\u00e7\u00f5es para solucionar o problema.<\/p>\n<p><strong><em>Ascom Uesb<\/em><\/strong><\/p>\n","protected":false},"excerpt":{"rendered":"<p>&nbsp; Buscando ampliar e garantir a seguran\u00e7a dos alunos e funcion\u00e1rios da Uesb, campus de Itapetinga, o vice-reitor Jos\u00e9 Luiz Rech se reuniu na manh\u00e3 de hoje, 16, com o comandante da Companhia Independente de Pol\u00edcia Militar de Itapetinga, o tenente coronel Serpa, e tamb\u00e9m com o coronel Santos Melo. O objetivo do encontro foi [&hellip;]<\/p>\n","protected":false},"author":2,"featured_media":0,"comment_status":"open","ping_status":"open","sticky":false,"template":"","format":"standard","meta":{"footnotes":"","_links_to":"","_links_to_target":""},"categories":[1],"tags":[],"class_list":["post-13773","post","type-post","status-publish","format-standard","hentry","category-geral"],"views":1438,"_links":{"self":[{"href":"https:\/\/www.sudoestehoje.com.br\/novoportal\/wp-json\/wp\/v2\/posts\/13773","targetHints":{"allow":["GET"]}}],"collection":[{"href":"https:\/\/www.sudoestehoje.com.br\/novoportal\/wp-json\/wp\/v2\/posts"}],"about":[{"href":"https:\/\/www.sudoestehoje.com.br\/novoportal\/wp-json\/wp\/v2\/types\/post"}],"author":[{"embeddable":true,"href":"https:\/\/www.sudoestehoje.com.br\/novoportal\/wp-json\/wp\/v2\/users\/2"}],"replies":[{"embeddable":true,"href":"https:\/\/www.sudoestehoje.com.br\/novoportal\/wp-json\/wp\/v2\/comments?post=13773"}],"version-history":[{"count":3,"href":"https:\/\/www.sudoestehoje.com.br\/novoportal\/wp-json\/wp\/v2\/posts\/13773\/revisions"}],"predecessor-version":[{"id":13776,"href":"https:\/\/www.sudoestehoje.com.br\/novoportal\/wp-json\/wp\/v2\/posts\/13773\/revisions\/13776"}],"wp:attachment":[{"href":"https:\/\/www.sudoestehoje.com.br\/novoportal\/wp-json\/wp\/v2\/media?parent=13773"}],"wp:term":[{"taxonomy":"category","embeddable":true,"href":"https:\/\/www.sudoestehoje.com.br\/novoportal\/wp-json\/wp\/v2\/categories?post=13773"},{"taxonomy":"post_tag","embeddable":true,"href":"https:\/\/www.sudoestehoje.com.br\/novoportal\/wp-json\/wp\/v2\/tags?post=13773"}],"curies":[{"name":"wp","href":"https:\/\/api.w.org\/{rel}","templated":true}]}}