
{"id":13751,"date":"2012-03-15T23:50:09","date_gmt":"2012-03-16T02:50:09","guid":{"rendered":"http:\/\/www.sudoestehoje.com.br\/novoportal\/?p=13751"},"modified":"2012-03-15T23:50:09","modified_gmt":"2012-03-16T02:50:09","slug":"itororo-presidente-da-camara-expulsa-vereador-da-sessao","status":"publish","type":"post","link":"https:\/\/www.sudoestehoje.com.br\/novoportal\/2012\/03\/15\/itororo-presidente-da-camara-expulsa-vereador-da-sessao\/","title":{"rendered":"ITOROR\u00d3: PRESIDENTE DA C\u00c2MARA EXPULSA VEREADOR DA SESS\u00c3O"},"content":{"rendered":"<p><iframe loading=\"lazy\" title=\"BLOG ITOROR\u00d3 J\u00c1: PRESIDENTA DA C\u00c2MARA PEDE EXPULS\u00c3O DE VEREADOR BIDUINHA\" width=\"500\" height=\"375\" src=\"https:\/\/www.youtube.com\/embed\/Ve3Aml4he64?feature=oembed\" frameborder=\"0\" allow=\"accelerometer; autoplay; clipboard-write; encrypted-media; gyroscope; picture-in-picture; web-share\" referrerpolicy=\"strict-origin-when-cross-origin\" allowfullscreen><\/iframe><\/p>\n<p>&nbsp;<\/p>\n<p>&nbsp;<\/p>\n","protected":false},"excerpt":{"rendered":"<p>&nbsp; &nbsp;<\/p>\n","protected":false},"author":2,"featured_media":0,"comment_status":"open","ping_status":"open","sticky":false,"template":"","format":"standard","meta":{"footnotes":"","_links_to":"","_links_to_target":""},"categories":[1],"tags":[],"class_list":["post-13751","post","type-post","status-publish","format-standard","hentry","category-geral"],"views":1442,"_links":{"self":[{"href":"https:\/\/www.sudoestehoje.com.br\/novoportal\/wp-json\/wp\/v2\/posts\/13751","targetHints":{"allow":["GET"]}}],"collection":[{"href":"https:\/\/www.sudoestehoje.com.br\/novoportal\/wp-json\/wp\/v2\/posts"}],"about":[{"href":"https:\/\/www.sudoestehoje.com.br\/novoportal\/wp-json\/wp\/v2\/types\/post"}],"author":[{"embeddable":true,"href":"https:\/\/www.sudoestehoje.com.br\/novoportal\/wp-json\/wp\/v2\/users\/2"}],"replies":[{"embeddable":true,"href":"https:\/\/www.sudoestehoje.com.br\/novoportal\/wp-json\/wp\/v2\/comments?post=13751"}],"version-history":[{"count":2,"href":"https:\/\/www.sudoestehoje.com.br\/novoportal\/wp-json\/wp\/v2\/posts\/13751\/revisions"}],"predecessor-version":[{"id":13753,"href":"https:\/\/www.sudoestehoje.com.br\/novoportal\/wp-json\/wp\/v2\/posts\/13751\/revisions\/13753"}],"wp:attachment":[{"href":"https:\/\/www.sudoestehoje.com.br\/novoportal\/wp-json\/wp\/v2\/media?parent=13751"}],"wp:term":[{"taxonomy":"category","embeddable":true,"href":"https:\/\/www.sudoestehoje.com.br\/novoportal\/wp-json\/wp\/v2\/categories?post=13751"},{"taxonomy":"post_tag","embeddable":true,"href":"https:\/\/www.sudoestehoje.com.br\/novoportal\/wp-json\/wp\/v2\/tags?post=13751"}],"curies":[{"name":"wp","href":"https:\/\/api.w.org\/{rel}","templated":true}]}}