
{"id":13743,"date":"2012-03-15T15:58:01","date_gmt":"2012-03-15T18:58:01","guid":{"rendered":"http:\/\/www.sudoestehoje.com.br\/novoportal\/?p=13743"},"modified":"2012-03-15T15:58:01","modified_gmt":"2012-03-15T18:58:01","slug":"a-vidal-amarelou","status":"publish","type":"post","link":"https:\/\/www.sudoestehoje.com.br\/novoportal\/2012\/03\/15\/a-vidal-amarelou\/","title":{"rendered":"A VIDAL AMARELOU?"},"content":{"rendered":"<p><img decoding=\"async\" class=\"aligncenter\" src=\"http:\/\/4.bp.blogspot.com\/-3eQcHydkT3Y\/TmlZH8xZGqI\/AAAAAAAAAPk\/nrCjgbO2Km0\/s1600\/amarelou.jpg\" alt=\"\" \/><\/p>\n<p>&nbsp;<\/p>\n<p>ITAPETINGA: Dizendo-se difamada, caluniada e injuriada, a Bernardo Vidal ingressou com Queixa Crime contra Naara Duarte, Geraldo Trindade e Jos\u00e9 Elias Ribeiro. Entretanto, na audi\u00eancia que foi marcada para a tarde desta quinta-feira no Juizado Especial Criminal, ningu\u00e9m da Vidal compareceu para sustentar a a\u00e7\u00e3o penal, levando a audi\u00eancia a ser remarcada para outra data.<\/p>\n<p>O n\u00e3o comparecimento dos representantes da Vidal frustrou as expectativas da imprensa, que vive louca para fotografar os &#8216;homens de preto&#8217; da famigerada empresa, para estampar nas manchetes. Pelo visto, os processos da Vidal n\u00e3o passaram de mera tentativa de intimida\u00e7\u00e3o, para livrar seus &#8216;associados&#8217; municipais das irregularidades apuradas na CPI. \u00a0Amea\u00e7ou, amea\u00e7ou, mas depois &#8216;amarelou&#8217;.<\/p>\n<p><em><strong>Da Reda\u00e7\u00e3o<\/strong><\/em><\/p>\n","protected":false},"excerpt":{"rendered":"<p>&nbsp; ITAPETINGA: Dizendo-se difamada, caluniada e injuriada, a Bernardo Vidal ingressou com Queixa Crime contra Naara Duarte, Geraldo Trindade e Jos\u00e9 Elias Ribeiro. Entretanto, na audi\u00eancia que foi marcada para a tarde desta quinta-feira no Juizado Especial Criminal, ningu\u00e9m da Vidal compareceu para sustentar a a\u00e7\u00e3o penal, levando a audi\u00eancia a ser remarcada para outra [&hellip;]<\/p>\n","protected":false},"author":2,"featured_media":0,"comment_status":"open","ping_status":"open","sticky":false,"template":"","format":"standard","meta":{"footnotes":"","_links_to":"","_links_to_target":""},"categories":[1],"tags":[],"class_list":["post-13743","post","type-post","status-publish","format-standard","hentry","category-geral"],"views":1343,"_links":{"self":[{"href":"https:\/\/www.sudoestehoje.com.br\/novoportal\/wp-json\/wp\/v2\/posts\/13743","targetHints":{"allow":["GET"]}}],"collection":[{"href":"https:\/\/www.sudoestehoje.com.br\/novoportal\/wp-json\/wp\/v2\/posts"}],"about":[{"href":"https:\/\/www.sudoestehoje.com.br\/novoportal\/wp-json\/wp\/v2\/types\/post"}],"author":[{"embeddable":true,"href":"https:\/\/www.sudoestehoje.com.br\/novoportal\/wp-json\/wp\/v2\/users\/2"}],"replies":[{"embeddable":true,"href":"https:\/\/www.sudoestehoje.com.br\/novoportal\/wp-json\/wp\/v2\/comments?post=13743"}],"version-history":[{"count":1,"href":"https:\/\/www.sudoestehoje.com.br\/novoportal\/wp-json\/wp\/v2\/posts\/13743\/revisions"}],"predecessor-version":[{"id":13744,"href":"https:\/\/www.sudoestehoje.com.br\/novoportal\/wp-json\/wp\/v2\/posts\/13743\/revisions\/13744"}],"wp:attachment":[{"href":"https:\/\/www.sudoestehoje.com.br\/novoportal\/wp-json\/wp\/v2\/media?parent=13743"}],"wp:term":[{"taxonomy":"category","embeddable":true,"href":"https:\/\/www.sudoestehoje.com.br\/novoportal\/wp-json\/wp\/v2\/categories?post=13743"},{"taxonomy":"post_tag","embeddable":true,"href":"https:\/\/www.sudoestehoje.com.br\/novoportal\/wp-json\/wp\/v2\/tags?post=13743"}],"curies":[{"name":"wp","href":"https:\/\/api.w.org\/{rel}","templated":true}]}}