
{"id":13725,"date":"2012-03-14T15:47:22","date_gmt":"2012-03-14T18:47:22","guid":{"rendered":"http:\/\/www.sudoestehoje.com.br\/novoportal\/?p=13725"},"modified":"2012-03-14T15:47:22","modified_gmt":"2012-03-14T18:47:22","slug":"21-de-marco-dia-internacional-da-sindrome-de-down","status":"publish","type":"post","link":"https:\/\/www.sudoestehoje.com.br\/novoportal\/2012\/03\/14\/21-de-marco-dia-internacional-da-sindrome-de-down\/","title":{"rendered":"21 DE MAR\u00c7O, DIA INTERNACIONAL DA S\u00cdNDROME DE DOWN"},"content":{"rendered":"<p><strong><img decoding=\"async\" class=\"aligncenter\" src=\"http:\/\/www.aulasedicas.com\/wp-content\/uploads\/2011\/08\/S%C3%ADndrome-de-down-o-que-%C3%A9-caracter%C3%ADsticas.jpg\" alt=\"\" width=\"400\" \/><\/strong><\/p>\n<p>&nbsp;<\/p>\n<p>A <strong><em>Cl\u00ednica Psicoespa\u00e7o<\/em><\/strong> convida a assistir a uma sess\u00e3o de cinema na Concha Ac\u00fastica no dia 21.03 (quarta-feira) as 19h. O objetivo do dia \u00e9 valorizar as pessoas com S\u00edndrome de Down e conscientizar a popula\u00e7\u00e3o sobre a\u00a0import\u00e2ncia\u00a0da promo\u00e7\u00e3o dos direitos inerentes \u00e0s pessoas que nasceram com a s\u00edndrome de desfrutar uma vida plena e digna, como membros em suas comunidades e na sociedade.<\/p>\n<p>O Dia Internacional da S\u00edndrome de Down oficial estar\u00e1 sendo comemorada pela ONU em NY no dia 21.02 com a Confer\u00eancia &#8220;Construindo o nosso futuro&#8221;.<\/p>\n<p style=\"text-align: center;\">Venha usufruir de um momento m\u00e1gico de reflex\u00e3o<\/p>\n<p style=\"text-align: center;\">Voc\u00ea\u00a0\u00e9 o nosso convidado ESPECIAL.<\/p>\n","protected":false},"excerpt":{"rendered":"<p>&nbsp; A Cl\u00ednica Psicoespa\u00e7o convida a assistir a uma sess\u00e3o de cinema na Concha Ac\u00fastica no dia 21.03 (quarta-feira) as 19h. O objetivo do dia \u00e9 valorizar as pessoas com S\u00edndrome de Down e conscientizar a popula\u00e7\u00e3o sobre a\u00a0import\u00e2ncia\u00a0da promo\u00e7\u00e3o dos direitos inerentes \u00e0s pessoas que nasceram com a s\u00edndrome de desfrutar uma vida plena [&hellip;]<\/p>\n","protected":false},"author":2,"featured_media":0,"comment_status":"open","ping_status":"open","sticky":false,"template":"","format":"standard","meta":{"footnotes":"","_links_to":"","_links_to_target":""},"categories":[1],"tags":[],"class_list":["post-13725","post","type-post","status-publish","format-standard","hentry","category-geral"],"views":1152,"_links":{"self":[{"href":"https:\/\/www.sudoestehoje.com.br\/novoportal\/wp-json\/wp\/v2\/posts\/13725","targetHints":{"allow":["GET"]}}],"collection":[{"href":"https:\/\/www.sudoestehoje.com.br\/novoportal\/wp-json\/wp\/v2\/posts"}],"about":[{"href":"https:\/\/www.sudoestehoje.com.br\/novoportal\/wp-json\/wp\/v2\/types\/post"}],"author":[{"embeddable":true,"href":"https:\/\/www.sudoestehoje.com.br\/novoportal\/wp-json\/wp\/v2\/users\/2"}],"replies":[{"embeddable":true,"href":"https:\/\/www.sudoestehoje.com.br\/novoportal\/wp-json\/wp\/v2\/comments?post=13725"}],"version-history":[{"count":2,"href":"https:\/\/www.sudoestehoje.com.br\/novoportal\/wp-json\/wp\/v2\/posts\/13725\/revisions"}],"predecessor-version":[{"id":13727,"href":"https:\/\/www.sudoestehoje.com.br\/novoportal\/wp-json\/wp\/v2\/posts\/13725\/revisions\/13727"}],"wp:attachment":[{"href":"https:\/\/www.sudoestehoje.com.br\/novoportal\/wp-json\/wp\/v2\/media?parent=13725"}],"wp:term":[{"taxonomy":"category","embeddable":true,"href":"https:\/\/www.sudoestehoje.com.br\/novoportal\/wp-json\/wp\/v2\/categories?post=13725"},{"taxonomy":"post_tag","embeddable":true,"href":"https:\/\/www.sudoestehoje.com.br\/novoportal\/wp-json\/wp\/v2\/tags?post=13725"}],"curies":[{"name":"wp","href":"https:\/\/api.w.org\/{rel}","templated":true}]}}