
{"id":13719,"date":"2012-03-13T22:14:49","date_gmt":"2012-03-14T01:14:49","guid":{"rendered":"http:\/\/www.sudoestehoje.com.br\/novoportal\/?p=13719"},"modified":"2012-03-13T22:16:27","modified_gmt":"2012-03-14T01:16:27","slug":"pedido-de-cassacao-de-wagner-sera-apreciado-pelo-tre","status":"publish","type":"post","link":"https:\/\/www.sudoestehoje.com.br\/novoportal\/2012\/03\/13\/pedido-de-cassacao-de-wagner-sera-apreciado-pelo-tre\/","title":{"rendered":"PEDIDO DE CASSA\u00c7\u00c3O DE WAGNER SER\u00c1 APRECIADO PELO TRE"},"content":{"rendered":"<p><img decoding=\"async\" class=\"aligncenter\" src=\"http:\/\/www.fortenanoticia.com.br\/wp-content\/uploads\/2011_03_1112_09_3635223wagner.jpg\" alt=\"\" width=\"400\" \/><\/p>\n<p>A A\u00e7\u00e3o de Investiga\u00e7\u00e3o Judicial Eleitoral (AIJE) proposta pela Coliga\u00e7\u00e3o \u201cA Bahia Merece Mais\u201d (DEM\/PSDB), que reunia o Democratas e PSDB na disputa da elei\u00e7\u00e3o para governador em 2010, s\u00f3 hoje, depois de 18 meses, est\u00e1 entrando na pauta de julgamento do Tribunal Regional Eleitoral (TRE). O relator do processo \u00e9 o juiz Maur\u00edcio Kertzsman, um dos candidatos da OAB \u00e0 vaga de desembargador do Tribunal de Justi\u00e7a da Bahia.<\/p>\n<p>A oposi\u00e7\u00e3o deu entrada na a\u00e7\u00e3o em setembro de 2010, requerendo a cassa\u00e7\u00e3o do registro e inelegibilidade do governador Jaques Wagner e de seu candidato a vice Otto Alencar. A medida judicial foi fundamentada no descumprimento do artigo 73 da Lei Eleitoral que pro\u00edbe a transfer\u00eancia de recursos p\u00fablicos atrav\u00e9s de conv\u00eanios nos tr\u00eas meses anteriores \u00e0s elei\u00e7\u00f5es.<\/p>\n<p>No per\u00edodo eleitoral, durante a gest\u00e3o do ent\u00e3o governador e candidato \u00e0 reelei\u00e7\u00e3o Jaques Wagner, a Conder e a Bahiatursa, \u00f3rg\u00e3os do governo estadual, publicaram conv\u00eanios e fizeram pagamentos fora do prazo permitido pela Legisla\u00e7\u00e3o Eleitoral<\/p>\n","protected":false},"excerpt":{"rendered":"<p>A A\u00e7\u00e3o de Investiga\u00e7\u00e3o Judicial Eleitoral (AIJE) proposta pela Coliga\u00e7\u00e3o \u201cA Bahia Merece Mais\u201d (DEM\/PSDB), que reunia o Democratas e PSDB na disputa da elei\u00e7\u00e3o para governador em 2010, s\u00f3 hoje, depois de 18 meses, est\u00e1 entrando na pauta de julgamento do Tribunal Regional Eleitoral (TRE). O relator do processo \u00e9 o juiz Maur\u00edcio Kertzsman, [&hellip;]<\/p>\n","protected":false},"author":2,"featured_media":0,"comment_status":"open","ping_status":"open","sticky":false,"template":"","format":"standard","meta":{"footnotes":"","_links_to":"","_links_to_target":""},"categories":[1],"tags":[],"class_list":["post-13719","post","type-post","status-publish","format-standard","hentry","category-geral"],"views":1354,"_links":{"self":[{"href":"https:\/\/www.sudoestehoje.com.br\/novoportal\/wp-json\/wp\/v2\/posts\/13719","targetHints":{"allow":["GET"]}}],"collection":[{"href":"https:\/\/www.sudoestehoje.com.br\/novoportal\/wp-json\/wp\/v2\/posts"}],"about":[{"href":"https:\/\/www.sudoestehoje.com.br\/novoportal\/wp-json\/wp\/v2\/types\/post"}],"author":[{"embeddable":true,"href":"https:\/\/www.sudoestehoje.com.br\/novoportal\/wp-json\/wp\/v2\/users\/2"}],"replies":[{"embeddable":true,"href":"https:\/\/www.sudoestehoje.com.br\/novoportal\/wp-json\/wp\/v2\/comments?post=13719"}],"version-history":[{"count":3,"href":"https:\/\/www.sudoestehoje.com.br\/novoportal\/wp-json\/wp\/v2\/posts\/13719\/revisions"}],"predecessor-version":[{"id":13722,"href":"https:\/\/www.sudoestehoje.com.br\/novoportal\/wp-json\/wp\/v2\/posts\/13719\/revisions\/13722"}],"wp:attachment":[{"href":"https:\/\/www.sudoestehoje.com.br\/novoportal\/wp-json\/wp\/v2\/media?parent=13719"}],"wp:term":[{"taxonomy":"category","embeddable":true,"href":"https:\/\/www.sudoestehoje.com.br\/novoportal\/wp-json\/wp\/v2\/categories?post=13719"},{"taxonomy":"post_tag","embeddable":true,"href":"https:\/\/www.sudoestehoje.com.br\/novoportal\/wp-json\/wp\/v2\/tags?post=13719"}],"curies":[{"name":"wp","href":"https:\/\/api.w.org\/{rel}","templated":true}]}}