
{"id":13715,"date":"2012-03-13T22:07:22","date_gmt":"2012-03-14T01:07:22","guid":{"rendered":"http:\/\/www.sudoestehoje.com.br\/novoportal\/?p=13715"},"modified":"2012-03-13T22:07:22","modified_gmt":"2012-03-14T01:07:22","slug":"mp-vai-denunciar-coronel-curio-por-sequestros-no-araguaia","status":"publish","type":"post","link":"https:\/\/www.sudoestehoje.com.br\/novoportal\/2012\/03\/13\/mp-vai-denunciar-coronel-curio-por-sequestros-no-araguaia\/","title":{"rendered":"MP VAI DENUNCIAR CORONEL &#8216;CURI\u00d3&#8217; POR SEQUESTROS NO ARAGUAIA"},"content":{"rendered":"<p><img decoding=\"async\" class=\"aligncenter\" src=\"http:\/\/www.zedudu.com.br\/wp-content\/curi.jpg\" alt=\"\" width=\"400\" \/><\/p>\n<p style=\"text-align: center;\"><em>Curi\u00f3 \u00e9 o primeiro militar a ser processado por crime da ditadura<\/em><\/p>\n<p>&nbsp;<\/p>\n<p>O Minist\u00e9rio P\u00fablico Federal anunciou que vai denunciar nesta quarta-feira \u00e0 Justi\u00e7a de Marab\u00e1 , no Par\u00e1, contra o coronel Sebasti\u00e3o Curi\u00f3 por cinco sequestros na regi\u00e3o do Araguaia. Caso a den\u00fancia seja aceita, ser\u00e1 a primeira a\u00e7\u00e3o penal do pa\u00eds com o objetivo de punir um militar por crime cometido na ditadura.<\/p>\n<p>As v\u00edtimas apontadas pelos procuradores s\u00e3o todas guerrilheiras: Maria C\u00e9lia Corr\u00eaa, a Rosinha; H\u00e9lio Luiz Navarro Magalh\u00e3es, o Edinho; Daniel Ribeiro Callado, o Doca; Ant\u00f4nio de P\u00e1dua Costa, o Piau\u00ed; e Telma Regina Cordeira Corr\u00eaa, a Lia.<\/p>\n<p>Segundo os procuradores, o grupo foi sequestrado por tropas comandadas pelo militar entre janeiro e setembro de 1974. Ap\u00f3s sess\u00f5es de tortura, n\u00e3o houve mais not\u00edcia do paradeiro de nenhum deles. A a\u00e7\u00e3o foi instru\u00edda com depoimentos de testemunhas \u2013 entre elas, pessoas que participaram das a\u00e7\u00f5es dos militares.<\/p>\n<p>At\u00e9 hoje, o Minist\u00e9rio P\u00fablico n\u00e3o havia denunciado crimes ocorridos na ditadura devido \u00e0 Lei da Anistia \u2013 que, em 1979, perdoou os il\u00edcitos cometidos por militares e militantes.<\/p>\n<p>Em 2010, o Supremo Tribunal Federal (STF) declarou que n\u00e3o se pode punir os crimes cometidos \u00e0 \u00e9poca, devido \u00e0 norma. Para driblar a legisla\u00e7\u00e3o, os procuradores alegaram que o crime de sequestro \u00e9 permanente enquanto as v\u00edtimas n\u00e3o forem encontradas. Portanto, os fatos n\u00e3o poderiam ser enquadrados na Lei de Anistia<\/p>\n","protected":false},"excerpt":{"rendered":"<p>Curi\u00f3 \u00e9 o primeiro militar a ser processado por crime da ditadura &nbsp; O Minist\u00e9rio P\u00fablico Federal anunciou que vai denunciar nesta quarta-feira \u00e0 Justi\u00e7a de Marab\u00e1 , no Par\u00e1, contra o coronel Sebasti\u00e3o Curi\u00f3 por cinco sequestros na regi\u00e3o do Araguaia. Caso a den\u00fancia seja aceita, ser\u00e1 a primeira a\u00e7\u00e3o penal do pa\u00eds com [&hellip;]<\/p>\n","protected":false},"author":2,"featured_media":0,"comment_status":"open","ping_status":"open","sticky":false,"template":"","format":"standard","meta":{"footnotes":"","_links_to":"","_links_to_target":""},"categories":[1],"tags":[],"class_list":["post-13715","post","type-post","status-publish","format-standard","hentry","category-geral"],"views":1421,"_links":{"self":[{"href":"https:\/\/www.sudoestehoje.com.br\/novoportal\/wp-json\/wp\/v2\/posts\/13715","targetHints":{"allow":["GET"]}}],"collection":[{"href":"https:\/\/www.sudoestehoje.com.br\/novoportal\/wp-json\/wp\/v2\/posts"}],"about":[{"href":"https:\/\/www.sudoestehoje.com.br\/novoportal\/wp-json\/wp\/v2\/types\/post"}],"author":[{"embeddable":true,"href":"https:\/\/www.sudoestehoje.com.br\/novoportal\/wp-json\/wp\/v2\/users\/2"}],"replies":[{"embeddable":true,"href":"https:\/\/www.sudoestehoje.com.br\/novoportal\/wp-json\/wp\/v2\/comments?post=13715"}],"version-history":[{"count":3,"href":"https:\/\/www.sudoestehoje.com.br\/novoportal\/wp-json\/wp\/v2\/posts\/13715\/revisions"}],"predecessor-version":[{"id":13718,"href":"https:\/\/www.sudoestehoje.com.br\/novoportal\/wp-json\/wp\/v2\/posts\/13715\/revisions\/13718"}],"wp:attachment":[{"href":"https:\/\/www.sudoestehoje.com.br\/novoportal\/wp-json\/wp\/v2\/media?parent=13715"}],"wp:term":[{"taxonomy":"category","embeddable":true,"href":"https:\/\/www.sudoestehoje.com.br\/novoportal\/wp-json\/wp\/v2\/categories?post=13715"},{"taxonomy":"post_tag","embeddable":true,"href":"https:\/\/www.sudoestehoje.com.br\/novoportal\/wp-json\/wp\/v2\/tags?post=13715"}],"curies":[{"name":"wp","href":"https:\/\/api.w.org\/{rel}","templated":true}]}}