
{"id":13677,"date":"2012-03-12T08:16:48","date_gmt":"2012-03-12T11:16:48","guid":{"rendered":"http:\/\/www.sudoestehoje.com.br\/novoportal\/?p=13677"},"modified":"2012-03-12T08:18:16","modified_gmt":"2012-03-12T11:18:16","slug":"contratacao-da-vidal-foi-ato-de-irresponsabilidade-diz-katia-espinheira","status":"publish","type":"post","link":"https:\/\/www.sudoestehoje.com.br\/novoportal\/2012\/03\/12\/contratacao-da-vidal-foi-ato-de-irresponsabilidade-diz-katia-espinheira\/","title":{"rendered":"&#8220;CONTRATA\u00c7\u00c3O DA VIDAL FOI ATO DE EXTREMA IRRESPONSABILIDADE&#8221;, DIZ KATIA ESPINHEIRA"},"content":{"rendered":"<p><a href=\"http:\/\/www.sudoestehoje.com.br\/novoportal\/wp-content\/uploads\/2012\/03\/GEDC0886.jpg\"><img loading=\"lazy\" decoding=\"async\" class=\"aligncenter size-medium wp-image-13679\" title=\"GEDC0886\" src=\"http:\/\/www.sudoestehoje.com.br\/novoportal\/wp-content\/uploads\/2012\/03\/GEDC0886-500x281.jpg\" alt=\"\" width=\"500\" height=\"281\" srcset=\"https:\/\/www.sudoestehoje.com.br\/novoportal\/wp-content\/uploads\/2012\/03\/GEDC0886-500x281.jpg 500w, https:\/\/www.sudoestehoje.com.br\/novoportal\/wp-content\/uploads\/2012\/03\/GEDC0886-1024x576.jpg 1024w, https:\/\/www.sudoestehoje.com.br\/novoportal\/wp-content\/uploads\/2012\/03\/GEDC0886.jpg 1920w\" sizes=\"auto, (max-width: 500px) 100vw, 500px\" \/><\/a><\/p>\n<p style=\"text-align: center;\">\u00a0<em>K\u00e1tia Espinheira (PMDB) acompanhou na plat\u00e9ia a leitura do relat\u00f3rio da CPI<\/em><\/p>\n<p>&nbsp;<\/p>\n<p>ITAPETINGA: A pr\u00e9-candidata a prefeita pelo PMDB, K\u00e1tia Espinheira, compareceu \u00e0 sess\u00e3o especial da C\u00e2mara de Vereadores, na \u00faltima quinta-feita, e se mostrou indignada com as revela\u00e7\u00f5es contidas no relat\u00f3rio apresentado pela CPI da Vidal. Al\u00e9m da indigna\u00e7\u00e3o, K\u00e1tia declarou que est\u00e1 preocupada com o futuro de Itapetinga e com as dificuldades que dever\u00e1 encontrar o pr\u00f3ximo prefeito de Itapetinga, diante de tantas irregularidades e pend\u00eancias com Previd\u00eancia Social. Segundo K\u00e1tia, a administra\u00e7\u00e3o do prefeito Z\u00e9 Carlos agiu com extrema irresponsabilidade ao contratar a Bernardo Vidal e deve responder na justi\u00e7a pelo preju\u00edzo de mais de 9 milh\u00f5es de reais que causou ao er\u00e1rio p\u00fablico.<\/p>\n<p><strong><em>Por DAVI FERRAZ<\/em><\/strong><\/p>\n","protected":false},"excerpt":{"rendered":"<p>\u00a0K\u00e1tia Espinheira (PMDB) acompanhou na plat\u00e9ia a leitura do relat\u00f3rio da CPI &nbsp; ITAPETINGA: A pr\u00e9-candidata a prefeita pelo PMDB, K\u00e1tia Espinheira, compareceu \u00e0 sess\u00e3o especial da C\u00e2mara de Vereadores, na \u00faltima quinta-feita, e se mostrou indignada com as revela\u00e7\u00f5es contidas no relat\u00f3rio apresentado pela CPI da Vidal. Al\u00e9m da indigna\u00e7\u00e3o, K\u00e1tia declarou que est\u00e1 [&hellip;]<\/p>\n","protected":false},"author":2,"featured_media":0,"comment_status":"open","ping_status":"open","sticky":false,"template":"","format":"standard","meta":{"footnotes":"","_links_to":"","_links_to_target":""},"categories":[1],"tags":[],"class_list":["post-13677","post","type-post","status-publish","format-standard","hentry","category-geral"],"views":1525,"_links":{"self":[{"href":"https:\/\/www.sudoestehoje.com.br\/novoportal\/wp-json\/wp\/v2\/posts\/13677","targetHints":{"allow":["GET"]}}],"collection":[{"href":"https:\/\/www.sudoestehoje.com.br\/novoportal\/wp-json\/wp\/v2\/posts"}],"about":[{"href":"https:\/\/www.sudoestehoje.com.br\/novoportal\/wp-json\/wp\/v2\/types\/post"}],"author":[{"embeddable":true,"href":"https:\/\/www.sudoestehoje.com.br\/novoportal\/wp-json\/wp\/v2\/users\/2"}],"replies":[{"embeddable":true,"href":"https:\/\/www.sudoestehoje.com.br\/novoportal\/wp-json\/wp\/v2\/comments?post=13677"}],"version-history":[{"count":6,"href":"https:\/\/www.sudoestehoje.com.br\/novoportal\/wp-json\/wp\/v2\/posts\/13677\/revisions"}],"predecessor-version":[{"id":13688,"href":"https:\/\/www.sudoestehoje.com.br\/novoportal\/wp-json\/wp\/v2\/posts\/13677\/revisions\/13688"}],"wp:attachment":[{"href":"https:\/\/www.sudoestehoje.com.br\/novoportal\/wp-json\/wp\/v2\/media?parent=13677"}],"wp:term":[{"taxonomy":"category","embeddable":true,"href":"https:\/\/www.sudoestehoje.com.br\/novoportal\/wp-json\/wp\/v2\/categories?post=13677"},{"taxonomy":"post_tag","embeddable":true,"href":"https:\/\/www.sudoestehoje.com.br\/novoportal\/wp-json\/wp\/v2\/tags?post=13677"}],"curies":[{"name":"wp","href":"https:\/\/api.w.org\/{rel}","templated":true}]}}