
{"id":13674,"date":"2012-03-13T10:11:15","date_gmt":"2012-03-13T13:11:15","guid":{"rendered":"http:\/\/www.sudoestehoje.com.br\/novoportal\/?p=13674"},"modified":"2012-03-13T10:11:15","modified_gmt":"2012-03-13T13:11:15","slug":"dr-arnaldo-na-sessao-especial-da-camara-de-vereadores","status":"publish","type":"post","link":"https:\/\/www.sudoestehoje.com.br\/novoportal\/2012\/03\/13\/dr-arnaldo-na-sessao-especial-da-camara-de-vereadores\/","title":{"rendered":"DR ARNALDO NA SESS\u00c3O ESPECIAL DA C\u00c2MARA DE VEREADORES"},"content":{"rendered":"<p><a href=\"http:\/\/www.sudoestehoje.com.br\/novoportal\/wp-content\/uploads\/2012\/03\/GEDC0887.jpg\"><img loading=\"lazy\" decoding=\"async\" class=\"aligncenter size-medium wp-image-13675\" title=\"GEDC0887\" src=\"http:\/\/www.sudoestehoje.com.br\/novoportal\/wp-content\/uploads\/2012\/03\/GEDC0887-500x281.jpg\" alt=\"\" width=\"500\" height=\"281\" srcset=\"https:\/\/www.sudoestehoje.com.br\/novoportal\/wp-content\/uploads\/2012\/03\/GEDC0887-500x281.jpg 500w, https:\/\/www.sudoestehoje.com.br\/novoportal\/wp-content\/uploads\/2012\/03\/GEDC0887-1024x576.jpg 1024w, https:\/\/www.sudoestehoje.com.br\/novoportal\/wp-content\/uploads\/2012\/03\/GEDC0887.jpg 1920w\" sizes=\"auto, (max-width: 500px) 100vw, 500px\" \/><\/a><\/p>\n<p style=\"text-align: center;\"><em>Dr. Arnaldo compareceu \u00e0 sess\u00e3o ao lado do ex-vereador Zildo Carvalho\u00a0<\/em><\/p>\n<p>&nbsp;<\/p>\n<p>ITAPETINGA: Acompanhado de alguns correligion\u00e1rios, o pr\u00e9-candidato Arnaldo Teixeira tamb\u00e9m compareceu \u00e0 Sess\u00e3o Especial da C\u00e2mara de Vereadores, para ouvir a leitura do relat\u00f3rio final da CPI da Vidal. No final da sess\u00e3o o Dr. Arnaldo conversou com o Susoeste Hoje e se mostrou preocupado com o resultado das apura\u00e7\u00f5es, que revelou a exist\u00eancia de um rombo de R$ 9 milh\u00f5es nas contas da prefeitura, em decorr\u00eancia do contrato firmado com a Vidal. Dr. Arnaldo, que passou por uma cirurgia card\u00edaca no m\u00eas de fevereiro passado, esbanjava sa\u00fade e disposi\u00e7\u00e3o para enfrentar a disputa pela prefeitura em outubro pr\u00f3ximo.<\/p>\n<p><strong><em>Da Reda\u00e7\u00e3o<\/em><\/strong><\/p>\n","protected":false},"excerpt":{"rendered":"<p>Dr. Arnaldo compareceu \u00e0 sess\u00e3o ao lado do ex-vereador Zildo Carvalho\u00a0 &nbsp; ITAPETINGA: Acompanhado de alguns correligion\u00e1rios, o pr\u00e9-candidato Arnaldo Teixeira tamb\u00e9m compareceu \u00e0 Sess\u00e3o Especial da C\u00e2mara de Vereadores, para ouvir a leitura do relat\u00f3rio final da CPI da Vidal. No final da sess\u00e3o o Dr. Arnaldo conversou com o Susoeste Hoje e se [&hellip;]<\/p>\n","protected":false},"author":2,"featured_media":0,"comment_status":"open","ping_status":"open","sticky":false,"template":"","format":"standard","meta":{"footnotes":"","_links_to":"","_links_to_target":""},"categories":[1],"tags":[],"class_list":["post-13674","post","type-post","status-publish","format-standard","hentry","category-geral"],"views":1736,"_links":{"self":[{"href":"https:\/\/www.sudoestehoje.com.br\/novoportal\/wp-json\/wp\/v2\/posts\/13674","targetHints":{"allow":["GET"]}}],"collection":[{"href":"https:\/\/www.sudoestehoje.com.br\/novoportal\/wp-json\/wp\/v2\/posts"}],"about":[{"href":"https:\/\/www.sudoestehoje.com.br\/novoportal\/wp-json\/wp\/v2\/types\/post"}],"author":[{"embeddable":true,"href":"https:\/\/www.sudoestehoje.com.br\/novoportal\/wp-json\/wp\/v2\/users\/2"}],"replies":[{"embeddable":true,"href":"https:\/\/www.sudoestehoje.com.br\/novoportal\/wp-json\/wp\/v2\/comments?post=13674"}],"version-history":[{"count":3,"href":"https:\/\/www.sudoestehoje.com.br\/novoportal\/wp-json\/wp\/v2\/posts\/13674\/revisions"}],"predecessor-version":[{"id":13695,"href":"https:\/\/www.sudoestehoje.com.br\/novoportal\/wp-json\/wp\/v2\/posts\/13674\/revisions\/13695"}],"wp:attachment":[{"href":"https:\/\/www.sudoestehoje.com.br\/novoportal\/wp-json\/wp\/v2\/media?parent=13674"}],"wp:term":[{"taxonomy":"category","embeddable":true,"href":"https:\/\/www.sudoestehoje.com.br\/novoportal\/wp-json\/wp\/v2\/categories?post=13674"},{"taxonomy":"post_tag","embeddable":true,"href":"https:\/\/www.sudoestehoje.com.br\/novoportal\/wp-json\/wp\/v2\/tags?post=13674"}],"curies":[{"name":"wp","href":"https:\/\/api.w.org\/{rel}","templated":true}]}}