
{"id":13671,"date":"2012-03-13T10:40:23","date_gmt":"2012-03-13T13:40:23","guid":{"rendered":"http:\/\/www.sudoestehoje.com.br\/novoportal\/?p=13671"},"modified":"2012-03-13T10:40:23","modified_gmt":"2012-03-13T13:40:23","slug":"geraldo-trindade-e-gildasio-queiroz-foram-a-sessao-da-cpi","status":"publish","type":"post","link":"https:\/\/www.sudoestehoje.com.br\/novoportal\/2012\/03\/13\/geraldo-trindade-e-gildasio-queiroz-foram-a-sessao-da-cpi\/","title":{"rendered":"GERALDO TRINDADE E GILD\u00c1SIO QUEIROZ FORAM \u00c0 SESS\u00c3O DA CPI"},"content":{"rendered":"<p><a href=\"http:\/\/www.sudoestehoje.com.br\/novoportal\/wp-content\/uploads\/2012\/03\/GEDC0883.jpg\"><img loading=\"lazy\" decoding=\"async\" class=\"aligncenter size-medium wp-image-13672\" title=\"GEDC0883\" src=\"http:\/\/www.sudoestehoje.com.br\/novoportal\/wp-content\/uploads\/2012\/03\/GEDC0883-500x281.jpg\" alt=\"\" width=\"500\" height=\"281\" srcset=\"https:\/\/www.sudoestehoje.com.br\/novoportal\/wp-content\/uploads\/2012\/03\/GEDC0883-500x281.jpg 500w, https:\/\/www.sudoestehoje.com.br\/novoportal\/wp-content\/uploads\/2012\/03\/GEDC0883-1024x576.jpg 1024w, https:\/\/www.sudoestehoje.com.br\/novoportal\/wp-content\/uploads\/2012\/03\/GEDC0883.jpg 1920w\" sizes=\"auto, (max-width: 500px) 100vw, 500px\" \/><\/a><\/p>\n<p style=\"text-align: center;\"><em>Geraldo Trindade e Gildasio Queiroz tamb\u00e9m denunciaram o contrato da Vidal<\/em><\/p>\n<p>&nbsp;<\/p>\n<p>ITAPETINGA: Dentre os pol\u00edticos que compareceram \u00e0 sess\u00e3o especial da \u00faltima quinta-feira, na c\u00e2mara municipal, Geraldo Trindade (DEM) e Gild\u00e1sio Queiroz (PSDC) tamb\u00e9m se destacaram, ouvindo com aten\u00e7\u00e3o o relat\u00f3rio apresentado pelo Vereador Gilson de Jesus (PCdoB), relator da CPI da Vidal. Geraldo e Queiroz contribu\u00edram para a apura\u00e7\u00e3o das irregularidades, encaminhando den\u00fancias ao Minist\u00e9rio P\u00fablico, Receita Federal e CGU, que culminaram com imputa\u00e7\u00e3o de multas \u00e0 prefeitura, em raz\u00e3o da mal sucedida contrata\u00e7\u00e3o da Bernardo Vidal.<\/p>\n","protected":false},"excerpt":{"rendered":"<p>Geraldo Trindade e Gildasio Queiroz tamb\u00e9m denunciaram o contrato da Vidal &nbsp; ITAPETINGA: Dentre os pol\u00edticos que compareceram \u00e0 sess\u00e3o especial da \u00faltima quinta-feira, na c\u00e2mara municipal, Geraldo Trindade (DEM) e Gild\u00e1sio Queiroz (PSDC) tamb\u00e9m se destacaram, ouvindo com aten\u00e7\u00e3o o relat\u00f3rio apresentado pelo Vereador Gilson de Jesus (PCdoB), relator da CPI da Vidal. Geraldo [&hellip;]<\/p>\n","protected":false},"author":2,"featured_media":0,"comment_status":"open","ping_status":"open","sticky":false,"template":"","format":"standard","meta":{"footnotes":"","_links_to":"","_links_to_target":""},"categories":[1],"tags":[],"class_list":["post-13671","post","type-post","status-publish","format-standard","hentry","category-geral"],"views":1259,"_links":{"self":[{"href":"https:\/\/www.sudoestehoje.com.br\/novoportal\/wp-json\/wp\/v2\/posts\/13671","targetHints":{"allow":["GET"]}}],"collection":[{"href":"https:\/\/www.sudoestehoje.com.br\/novoportal\/wp-json\/wp\/v2\/posts"}],"about":[{"href":"https:\/\/www.sudoestehoje.com.br\/novoportal\/wp-json\/wp\/v2\/types\/post"}],"author":[{"embeddable":true,"href":"https:\/\/www.sudoestehoje.com.br\/novoportal\/wp-json\/wp\/v2\/users\/2"}],"replies":[{"embeddable":true,"href":"https:\/\/www.sudoestehoje.com.br\/novoportal\/wp-json\/wp\/v2\/comments?post=13671"}],"version-history":[{"count":4,"href":"https:\/\/www.sudoestehoje.com.br\/novoportal\/wp-json\/wp\/v2\/posts\/13671\/revisions"}],"predecessor-version":[{"id":13698,"href":"https:\/\/www.sudoestehoje.com.br\/novoportal\/wp-json\/wp\/v2\/posts\/13671\/revisions\/13698"}],"wp:attachment":[{"href":"https:\/\/www.sudoestehoje.com.br\/novoportal\/wp-json\/wp\/v2\/media?parent=13671"}],"wp:term":[{"taxonomy":"category","embeddable":true,"href":"https:\/\/www.sudoestehoje.com.br\/novoportal\/wp-json\/wp\/v2\/categories?post=13671"},{"taxonomy":"post_tag","embeddable":true,"href":"https:\/\/www.sudoestehoje.com.br\/novoportal\/wp-json\/wp\/v2\/tags?post=13671"}],"curies":[{"name":"wp","href":"https:\/\/api.w.org\/{rel}","templated":true}]}}