
{"id":1366,"date":"2010-10-23T20:31:08","date_gmt":"2010-10-23T23:31:08","guid":{"rendered":"http:\/\/www.sudoestehoje.com.br\/novoportal\/?p=1366"},"modified":"2010-10-23T20:31:08","modified_gmt":"2010-10-23T23:31:08","slug":"secretario-nacional-da-justica-diz-que-dilma-requisita-dossies","status":"publish","type":"post","link":"https:\/\/www.sudoestehoje.com.br\/novoportal\/2010\/10\/23\/secretario-nacional-da-justica-diz-que-dilma-requisita-dossies\/","title":{"rendered":"Secret\u00e1rio Nacional da Justi\u00e7a diz que Dilma requisita dossi\u00eas"},"content":{"rendered":"<p style=\"text-align: center;\"><a href=\"http:\/\/www.politicalivre.com.br\/wp-content\/uploads\/2010\/10\/VejaCapa3.jpg\"><img loading=\"lazy\" decoding=\"async\" title=\"VejaCapa3\" src=\"http:\/\/www.politicalivre.com.br\/wp-content\/uploads\/2010\/10\/VejaCapa3-285x300.jpg\" alt=\"\" width=\"285\" height=\"300\" \/><\/a><\/p>\n<p style=\"text-align: center;\"><strong>Capa da \u00faltima edi\u00e7\u00e3o da revista Veja<\/strong><\/p>\n<p>\u00a0<\/p>\n<p>A presidenci\u00e1vel petista Dilma Rousseff \u00e9 destaque da reportagem de capa da \u00faltima edi\u00e7\u00e3o de Veja. \u201cA verdade sobre os dossi\u00eas\u201d, eis o t\u00edtulo. A revista acomoda nos l\u00e1bios do secret\u00e1rio Nacional de Justi\u00e7a, Pedro Abramovay, uma frase de teor inc\u00f4modo: \u201cN\u00e3o aguento mais receber pedidos da Dilma e do Gilberto Carvalho para fazer dossi\u00eas. [&#8230;] Eu quase fui preso como um dos aloprados\u201d. Gilberto Carvalho, que acompanha Dilma na acusa\u00e7\u00e3o de solicitante de dossi\u00eas, \u00e9 o petista que exerce a fun\u00e7\u00e3o de chefe de gabinete de Lula. Segundo a revista, Abramovay teria pronunciado o coment\u00e1rio-dinamite numa conversa com o antecessor dele no cargo, Romeu Tuma Jr.. A nova encrenca chega num instante em que Lula e o PT se esfor\u00e7am para afastar da campanha de Dilma a pecha de produtora de dossi\u00ea fiscal anti-Jos\u00e9 Serra. (Blog do Josias)<\/p>\n","protected":false},"excerpt":{"rendered":"<p>Capa da \u00faltima edi\u00e7\u00e3o da revista Veja \u00a0 A presidenci\u00e1vel petista Dilma Rousseff \u00e9 destaque da reportagem de capa da \u00faltima edi\u00e7\u00e3o de Veja. \u201cA verdade sobre os dossi\u00eas\u201d, eis o t\u00edtulo. A revista acomoda nos l\u00e1bios do secret\u00e1rio Nacional de Justi\u00e7a, Pedro Abramovay, uma frase de teor inc\u00f4modo: \u201cN\u00e3o aguento mais receber pedidos da [&hellip;]<\/p>\n","protected":false},"author":2,"featured_media":0,"comment_status":"open","ping_status":"open","sticky":false,"template":"","format":"standard","meta":{"footnotes":"","_links_to":"","_links_to_target":""},"categories":[1],"tags":[],"class_list":["post-1366","post","type-post","status-publish","format-standard","hentry","category-geral"],"views":1218,"_links":{"self":[{"href":"https:\/\/www.sudoestehoje.com.br\/novoportal\/wp-json\/wp\/v2\/posts\/1366","targetHints":{"allow":["GET"]}}],"collection":[{"href":"https:\/\/www.sudoestehoje.com.br\/novoportal\/wp-json\/wp\/v2\/posts"}],"about":[{"href":"https:\/\/www.sudoestehoje.com.br\/novoportal\/wp-json\/wp\/v2\/types\/post"}],"author":[{"embeddable":true,"href":"https:\/\/www.sudoestehoje.com.br\/novoportal\/wp-json\/wp\/v2\/users\/2"}],"replies":[{"embeddable":true,"href":"https:\/\/www.sudoestehoje.com.br\/novoportal\/wp-json\/wp\/v2\/comments?post=1366"}],"version-history":[{"count":2,"href":"https:\/\/www.sudoestehoje.com.br\/novoportal\/wp-json\/wp\/v2\/posts\/1366\/revisions"}],"predecessor-version":[{"id":1368,"href":"https:\/\/www.sudoestehoje.com.br\/novoportal\/wp-json\/wp\/v2\/posts\/1366\/revisions\/1368"}],"wp:attachment":[{"href":"https:\/\/www.sudoestehoje.com.br\/novoportal\/wp-json\/wp\/v2\/media?parent=1366"}],"wp:term":[{"taxonomy":"category","embeddable":true,"href":"https:\/\/www.sudoestehoje.com.br\/novoportal\/wp-json\/wp\/v2\/categories?post=1366"},{"taxonomy":"post_tag","embeddable":true,"href":"https:\/\/www.sudoestehoje.com.br\/novoportal\/wp-json\/wp\/v2\/tags?post=1366"}],"curies":[{"name":"wp","href":"https:\/\/api.w.org\/{rel}","templated":true}]}}