
{"id":13658,"date":"2012-03-10T23:39:15","date_gmt":"2012-03-11T02:39:15","guid":{"rendered":"http:\/\/www.sudoestehoje.com.br\/novoportal\/?p=13658"},"modified":"2012-03-10T23:42:55","modified_gmt":"2012-03-11T02:42:55","slug":"petistas-de-itapetinga-e-regiao-prestigiam-posse-de-gabrielli","status":"publish","type":"post","link":"https:\/\/www.sudoestehoje.com.br\/novoportal\/2012\/03\/10\/petistas-de-itapetinga-e-regiao-prestigiam-posse-de-gabrielli\/","title":{"rendered":"PETISTAS DE ITAPETINGA E REGI\u00c3O PRESTIGIAM POSSE DE GABRIELLI"},"content":{"rendered":"<p>&nbsp;<\/p>\n<div id=\"attachment_13659\" style=\"width: 510px\" class=\"wp-caption aligncenter\"><a href=\"http:\/\/www.sudoestehoje.com.br\/novoportal\/wp-content\/uploads\/2012\/03\/IMG_1891.jpg\"><img loading=\"lazy\" decoding=\"async\" aria-describedby=\"caption-attachment-13659\" class=\"size-medium wp-image-13659\" title=\"IMG_1891\" src=\"http:\/\/www.sudoestehoje.com.br\/novoportal\/wp-content\/uploads\/2012\/03\/IMG_1891-500x375.jpg\" alt=\"\" width=\"500\" height=\"375\" srcset=\"https:\/\/www.sudoestehoje.com.br\/novoportal\/wp-content\/uploads\/2012\/03\/IMG_1891-500x375.jpg 500w, https:\/\/www.sudoestehoje.com.br\/novoportal\/wp-content\/uploads\/2012\/03\/IMG_1891.jpg 640w\" sizes=\"auto, (max-width: 500px) 100vw, 500px\" \/><\/a><p id=\"caption-attachment-13659\" class=\"wp-caption-text\">Andr\u00e9 Dantas e Marcos Galv\u00e3o prestigiaram a posse do ex-presidente da Petrobras, S\u00e9rgio Gabrielli, na Secretaria de Planejamento do Estado.<\/p><\/div>\n<p>Nesta ultima sexta feira(09) ocorreu em Salvador no centro administrativo da Bahia a posse do novo Secretario de Planejamento\u00a0 do Estado, Jos\u00e9 S\u00e9rgio Gabrielli(PT). Advindo da presid\u00eancia da Petrobras, onde passou sete anos, Gabrielli traz para o governo da Bahia toda sua experi\u00eancia acumulada a longo de v\u00e1rios anos junto a UFBA e a Petrobras. O Evento foi prestigiado pela atual presidente da estatal, Maria das Gra\u00e7as Foster, o ex-Ministro Jos\u00e9 Dirceu e o ex-Governador Waldir Pires, dentre outras autoridades. De Itapetinga estiveram presentes o ex-Secret\u00e1rio de Planejamento do Munic\u00edpio, Andr\u00e9 Dantas, que esteve l\u00e1 em companhia do seu companheiro de\u00a0 partido e pr\u00e9-candidato a prefeito de Ibicu\u00ed Marcos Galv\u00e3o.<\/p>\n<p><em>Ascom<\/em><\/p>\n","protected":false},"excerpt":{"rendered":"<p>&nbsp; Nesta ultima sexta feira(09) ocorreu em Salvador no centro administrativo da Bahia a posse do novo Secretario de Planejamento\u00a0 do Estado, Jos\u00e9 S\u00e9rgio Gabrielli(PT). Advindo da presid\u00eancia da Petrobras, onde passou sete anos, Gabrielli traz para o governo da Bahia toda sua experi\u00eancia acumulada a longo de v\u00e1rios anos junto a UFBA e a [&hellip;]<\/p>\n","protected":false},"author":2,"featured_media":0,"comment_status":"open","ping_status":"open","sticky":false,"template":"","format":"standard","meta":{"footnotes":"","_links_to":"","_links_to_target":""},"categories":[1],"tags":[],"class_list":["post-13658","post","type-post","status-publish","format-standard","hentry","category-geral"],"views":1453,"_links":{"self":[{"href":"https:\/\/www.sudoestehoje.com.br\/novoportal\/wp-json\/wp\/v2\/posts\/13658","targetHints":{"allow":["GET"]}}],"collection":[{"href":"https:\/\/www.sudoestehoje.com.br\/novoportal\/wp-json\/wp\/v2\/posts"}],"about":[{"href":"https:\/\/www.sudoestehoje.com.br\/novoportal\/wp-json\/wp\/v2\/types\/post"}],"author":[{"embeddable":true,"href":"https:\/\/www.sudoestehoje.com.br\/novoportal\/wp-json\/wp\/v2\/users\/2"}],"replies":[{"embeddable":true,"href":"https:\/\/www.sudoestehoje.com.br\/novoportal\/wp-json\/wp\/v2\/comments?post=13658"}],"version-history":[{"count":4,"href":"https:\/\/www.sudoestehoje.com.br\/novoportal\/wp-json\/wp\/v2\/posts\/13658\/revisions"}],"predecessor-version":[{"id":13662,"href":"https:\/\/www.sudoestehoje.com.br\/novoportal\/wp-json\/wp\/v2\/posts\/13658\/revisions\/13662"}],"wp:attachment":[{"href":"https:\/\/www.sudoestehoje.com.br\/novoportal\/wp-json\/wp\/v2\/media?parent=13658"}],"wp:term":[{"taxonomy":"category","embeddable":true,"href":"https:\/\/www.sudoestehoje.com.br\/novoportal\/wp-json\/wp\/v2\/categories?post=13658"},{"taxonomy":"post_tag","embeddable":true,"href":"https:\/\/www.sudoestehoje.com.br\/novoportal\/wp-json\/wp\/v2\/tags?post=13658"}],"curies":[{"name":"wp","href":"https:\/\/api.w.org\/{rel}","templated":true}]}}