
{"id":13653,"date":"2012-03-10T21:46:33","date_gmt":"2012-03-11T00:46:33","guid":{"rendered":"http:\/\/www.sudoestehoje.com.br\/novoportal\/?p=13653"},"modified":"2012-03-10T21:54:36","modified_gmt":"2012-03-11T00:54:36","slug":"a-forcas-do-catole-na-enchente-de-1985","status":"publish","type":"post","link":"https:\/\/www.sudoestehoje.com.br\/novoportal\/2012\/03\/10\/a-forcas-do-catole-na-enchente-de-1985\/","title":{"rendered":"ITAPETINGA: A FOR\u00c7A DO CATOL\u00c9 NA ENCHENTE DE 1985"},"content":{"rendered":"<p>http:\/\/www.youtube.com\/watch?v=Osk5RuiD7tA<\/p>\n<p>&nbsp;<\/p>\n<p>Quem v\u00ea o nosso Rio Catol\u00e9 hoje, totalmente polu\u00eddo e assoreado, n\u00e3o imagina a for\u00e7a que esse rio teve no passado. Em 1985 o nosso amigo Rubinho Nova registrou atrav\u00e9s da sua c\u00e2mera VHS a enorme enchente que devastou a cidade, alagando \u00e1reas do Ponto Certo, Matinha, Vila Rosa, Emarc, Rodovi\u00e1ria, Beira Rio, Av. das Ind\u00fastrias, Piaba e s\u00edtios pr\u00f3ximos.<\/p>\n<p>Como os fen\u00f4menos da natureza costumam se repetir, \u00e9 prudente n\u00e3o facilitar.<\/p>\n<p><strong><em>Da Reda\u00e7\u00e3o\u00a0<\/em><\/strong><\/p>\n<p>&nbsp;<\/p>\n<p>&nbsp;<\/p>\n","protected":false},"excerpt":{"rendered":"<p>http:\/\/www.youtube.com\/watch?v=Osk5RuiD7tA &nbsp; Quem v\u00ea o nosso Rio Catol\u00e9 hoje, totalmente polu\u00eddo e assoreado, n\u00e3o imagina a for\u00e7a que esse rio teve no passado. Em 1985 o nosso amigo Rubinho Nova registrou atrav\u00e9s da sua c\u00e2mera VHS a enorme enchente que devastou a cidade, alagando \u00e1reas do Ponto Certo, Matinha, Vila Rosa, Emarc, Rodovi\u00e1ria, Beira Rio, [&hellip;]<\/p>\n","protected":false},"author":2,"featured_media":0,"comment_status":"open","ping_status":"open","sticky":false,"template":"","format":"standard","meta":{"footnotes":"","_links_to":"","_links_to_target":""},"categories":[1],"tags":[],"class_list":["post-13653","post","type-post","status-publish","format-standard","hentry","category-geral"],"views":3536,"_links":{"self":[{"href":"https:\/\/www.sudoestehoje.com.br\/novoportal\/wp-json\/wp\/v2\/posts\/13653","targetHints":{"allow":["GET"]}}],"collection":[{"href":"https:\/\/www.sudoestehoje.com.br\/novoportal\/wp-json\/wp\/v2\/posts"}],"about":[{"href":"https:\/\/www.sudoestehoje.com.br\/novoportal\/wp-json\/wp\/v2\/types\/post"}],"author":[{"embeddable":true,"href":"https:\/\/www.sudoestehoje.com.br\/novoportal\/wp-json\/wp\/v2\/users\/2"}],"replies":[{"embeddable":true,"href":"https:\/\/www.sudoestehoje.com.br\/novoportal\/wp-json\/wp\/v2\/comments?post=13653"}],"version-history":[{"count":4,"href":"https:\/\/www.sudoestehoje.com.br\/novoportal\/wp-json\/wp\/v2\/posts\/13653\/revisions"}],"predecessor-version":[{"id":13655,"href":"https:\/\/www.sudoestehoje.com.br\/novoportal\/wp-json\/wp\/v2\/posts\/13653\/revisions\/13655"}],"wp:attachment":[{"href":"https:\/\/www.sudoestehoje.com.br\/novoportal\/wp-json\/wp\/v2\/media?parent=13653"}],"wp:term":[{"taxonomy":"category","embeddable":true,"href":"https:\/\/www.sudoestehoje.com.br\/novoportal\/wp-json\/wp\/v2\/categories?post=13653"},{"taxonomy":"post_tag","embeddable":true,"href":"https:\/\/www.sudoestehoje.com.br\/novoportal\/wp-json\/wp\/v2\/tags?post=13653"}],"curies":[{"name":"wp","href":"https:\/\/api.w.org\/{rel}","templated":true}]}}