
{"id":13643,"date":"2012-03-10T17:46:33","date_gmt":"2012-03-10T20:46:33","guid":{"rendered":"http:\/\/www.sudoestehoje.com.br\/novoportal\/?p=13643"},"modified":"2012-03-10T17:46:33","modified_gmt":"2012-03-10T20:46:33","slug":"bahia-perde-suas-posicoes-no-ministerio-de-dilma","status":"publish","type":"post","link":"https:\/\/www.sudoestehoje.com.br\/novoportal\/2012\/03\/10\/bahia-perde-suas-posicoes-no-ministerio-de-dilma\/","title":{"rendered":"BAHIA PERDE SUAS POSI\u00c7\u00d5ES NO MINIST\u00c9RIO DE DILMA"},"content":{"rendered":"<p><img decoding=\"async\" class=\"aligncenter\" src=\"http:\/\/veja.abril.com.br\/assets\/pictures\/66389\/ministros-estado-20120216-20-size-598.JPG?1329415271\" alt=\"\" width=\"400\" \/><\/p>\n<p style=\"text-align: center;\"><em>Ministro Baiano foi demitido na calada da noite<\/em><\/p>\n<p>&nbsp;<\/p>\n<p>\u00c9 surpreendente a not\u00edcia que chega, nesta noite de sexta-feira (9), dando conta da demiss\u00e3o, consequentemente queda, do ministro baiano Afonso Florence do Desenvolvimento Agr\u00e1rio. Este ano, a Bahia perdeu os homens mais importantes que tinha no governo Dilma Rousseff. Pela ordem, Jos\u00e9 S\u00e9rgio Gabrielli, que presidia a Petrobras h\u00e1 sete anos e, coincidentemente, foi empossado na tarde de hoje na Secretaria do Planejamento do Estado. Deixou de pilotar um Boeing, como afirmou o governador Jaques Wagner, para pilotar um bimotor. Diria que, em compara\u00e7\u00e3o com a Petrobras, Gabrielli ficou com um ultraleve. O terceiro a cair foi M\u00e1rio Negromonte, que estava no Minist\u00e9rio das Cidades. A Bahia fica, t\u00e3o somente, com um pequenino minist\u00e9rio, tamb\u00e9m amea\u00e7ado. \u00c9 muito pouco, pouqu\u00edssimo mesmo, para um estado das tradi\u00e7\u00f5es da Bahia, que ofereceu, tanto a Lula como a Dilma, vota\u00e7\u00f5es extraordin\u00e1rias. Que mal fez a Bahia \u00e0 rep\u00fablica petista?<\/p>\n<p><strong><em>BN &#8211; Samuel Celestino\u00a0<\/em><\/strong><\/p>\n","protected":false},"excerpt":{"rendered":"<p>Ministro Baiano foi demitido na calada da noite &nbsp; \u00c9 surpreendente a not\u00edcia que chega, nesta noite de sexta-feira (9), dando conta da demiss\u00e3o, consequentemente queda, do ministro baiano Afonso Florence do Desenvolvimento Agr\u00e1rio. Este ano, a Bahia perdeu os homens mais importantes que tinha no governo Dilma Rousseff. Pela ordem, Jos\u00e9 S\u00e9rgio Gabrielli, que [&hellip;]<\/p>\n","protected":false},"author":2,"featured_media":0,"comment_status":"open","ping_status":"open","sticky":false,"template":"","format":"standard","meta":{"footnotes":"","_links_to":"","_links_to_target":""},"categories":[1],"tags":[],"class_list":["post-13643","post","type-post","status-publish","format-standard","hentry","category-geral"],"views":1304,"_links":{"self":[{"href":"https:\/\/www.sudoestehoje.com.br\/novoportal\/wp-json\/wp\/v2\/posts\/13643","targetHints":{"allow":["GET"]}}],"collection":[{"href":"https:\/\/www.sudoestehoje.com.br\/novoportal\/wp-json\/wp\/v2\/posts"}],"about":[{"href":"https:\/\/www.sudoestehoje.com.br\/novoportal\/wp-json\/wp\/v2\/types\/post"}],"author":[{"embeddable":true,"href":"https:\/\/www.sudoestehoje.com.br\/novoportal\/wp-json\/wp\/v2\/users\/2"}],"replies":[{"embeddable":true,"href":"https:\/\/www.sudoestehoje.com.br\/novoportal\/wp-json\/wp\/v2\/comments?post=13643"}],"version-history":[{"count":3,"href":"https:\/\/www.sudoestehoje.com.br\/novoportal\/wp-json\/wp\/v2\/posts\/13643\/revisions"}],"predecessor-version":[{"id":13646,"href":"https:\/\/www.sudoestehoje.com.br\/novoportal\/wp-json\/wp\/v2\/posts\/13643\/revisions\/13646"}],"wp:attachment":[{"href":"https:\/\/www.sudoestehoje.com.br\/novoportal\/wp-json\/wp\/v2\/media?parent=13643"}],"wp:term":[{"taxonomy":"category","embeddable":true,"href":"https:\/\/www.sudoestehoje.com.br\/novoportal\/wp-json\/wp\/v2\/categories?post=13643"},{"taxonomy":"post_tag","embeddable":true,"href":"https:\/\/www.sudoestehoje.com.br\/novoportal\/wp-json\/wp\/v2\/tags?post=13643"}],"curies":[{"name":"wp","href":"https:\/\/api.w.org\/{rel}","templated":true}]}}