
{"id":13622,"date":"2012-03-09T17:57:42","date_gmt":"2012-03-09T20:57:42","guid":{"rendered":"http:\/\/www.sudoestehoje.com.br\/novoportal\/?p=13622"},"modified":"2012-03-09T17:57:42","modified_gmt":"2012-03-09T20:57:42","slug":"brega-light-2012","status":"publish","type":"post","link":"https:\/\/www.sudoestehoje.com.br\/novoportal\/2012\/03\/09\/brega-light-2012\/","title":{"rendered":"BREGA LIGHT 2012"},"content":{"rendered":"<p><a href=\"http:\/\/www.sudoestehoje.com.br\/novoportal\/wp-content\/uploads\/2012\/03\/O-Maior-Brega-do-Mundo.jpg\"><img loading=\"lazy\" decoding=\"async\" class=\"aligncenter size-medium wp-image-13623\" title=\"O Maior Brega do Mundo!\" src=\"http:\/\/www.sudoestehoje.com.br\/novoportal\/wp-content\/uploads\/2012\/03\/O-Maior-Brega-do-Mundo-500x233.jpg\" alt=\"\" width=\"500\" height=\"233\" srcset=\"https:\/\/www.sudoestehoje.com.br\/novoportal\/wp-content\/uploads\/2012\/03\/O-Maior-Brega-do-Mundo-500x233.jpg 500w, https:\/\/www.sudoestehoje.com.br\/novoportal\/wp-content\/uploads\/2012\/03\/O-Maior-Brega-do-Mundo-1024x478.jpg 1024w, https:\/\/www.sudoestehoje.com.br\/novoportal\/wp-content\/uploads\/2012\/03\/O-Maior-Brega-do-Mundo.jpg 2048w\" sizes=\"auto, (max-width: 500px) 100vw, 500px\" \/><\/a><\/p>\n<p>&nbsp;<\/p>\n<p>Em 2012, o Forr\u00f3 do Brega Light est\u00e1 indo para sua 11\u00aa edi\u00e7\u00e3o e ser\u00e1 realizado no dia 22 de junho, no munic\u00edpio de Ibicu\u00ed, Bahia. A grade de atra\u00e7\u00f5es foi fechada e a anima\u00e7\u00e3o da festa que j\u00e1 \u00e9 tradi\u00e7\u00e3o em todo o estado ficar\u00e1 por conta de: Chiclete com Banana, Garota Safada, Trio da Huanna, Mr. Catra e Oito7Nove4.<\/p>\n<p>Pela primeira vez no S\u00e3o Jo\u00e3o de Ibicu\u00ed, a banda Chiclete com Banana espera fazer um show diversificado, misturando muito ax\u00e9 e forr\u00f3. \u00a0\u201cAmor da Minha Vida\u201d foi a m\u00fasica de trabalho da banda no Carnaval de Salvador e est\u00e1 entre as mais tocadas nas r\u00e1dios em todo o Brasil. A levada de Arrocha da can\u00e7\u00e3o j\u00e1 contagiou o p\u00fablico que espera ansiosamente pelo show de Bell Marques e companhia no Brega Light.<\/p>\n<p>A mistura de ritmos que \u00e9 uma das marcas da festa vai contar ainda com o forr\u00f3 cearense da Garota Safada, comandada por Wesley Safad\u00e3o, a banda grava seu novo DVD no pr\u00f3ximo dia 10 de mar\u00e7o em Olinda (PE). Desde 2006 tocando no Brega Light, o Arrocha do Trio da Huanna promete mais uma vez levar os foli\u00f5es ao del\u00edrio. Devido ao sucesso da m\u00fasica \u201cS\u00f3 Papai\u201d, o grupo foi convidado para participar do Tudo \u00e9 Poss\u00edvel, programa da Rede Record que tem o comando da modelo Ana Hickmann. A primeira participa\u00e7\u00e3o da banda em um programa de veicula\u00e7\u00e3o nacional deve ir ao ar no dia 18 de mar\u00e7o.<\/p>\n<p>Mais uma atra\u00e7\u00e3o confirmada no Brega Light desse ano, Mr. Catra, sucesso da noite carioca far\u00e1 pela primeira vez um show no interior da Bahia. \u201cVou transformar o Brega Light no Maior Baile Funk do Mundo\u201d, garantiu. Com 1 ano de estrada e j\u00e1 acumulando 2 Carnavais de Salvador no curr\u00edculo, a banda Oito7Nove4 chega para levantar o astral da galera mais Brega do S\u00e3o Jo\u00e3o.<\/p>\n<p>Os ingressos estar\u00e3o \u00e0 venda no site do Brega Light (www.bregalight.com.br) a partir do pr\u00f3ximo dia 11 (domingo) e nos postos de vendas autorizado a partir da ter\u00e7a-feira, 13.<\/p>\n<p>&nbsp;<\/p>\n<p>Servi\u00e7o<\/p>\n<p>Brega Light 2012<\/p>\n<p>Quando: 22 de Junho<\/p>\n<p>Onde: Ibicu\u00ed (BA)<\/p>\n<p>Quanto: R$ 100<\/p>\n<p>Realiza\u00e7\u00e3o: Contato Produ\u00e7\u00e3o de Eventos<\/p>\n","protected":false},"excerpt":{"rendered":"<p>&nbsp; Em 2012, o Forr\u00f3 do Brega Light est\u00e1 indo para sua 11\u00aa edi\u00e7\u00e3o e ser\u00e1 realizado no dia 22 de junho, no munic\u00edpio de Ibicu\u00ed, Bahia. A grade de atra\u00e7\u00f5es foi fechada e a anima\u00e7\u00e3o da festa que j\u00e1 \u00e9 tradi\u00e7\u00e3o em todo o estado ficar\u00e1 por conta de: Chiclete com Banana, Garota Safada, [&hellip;]<\/p>\n","protected":false},"author":2,"featured_media":0,"comment_status":"open","ping_status":"open","sticky":false,"template":"","format":"standard","meta":{"footnotes":"","_links_to":"","_links_to_target":""},"categories":[1],"tags":[],"class_list":["post-13622","post","type-post","status-publish","format-standard","hentry","category-geral"],"views":4818,"_links":{"self":[{"href":"https:\/\/www.sudoestehoje.com.br\/novoportal\/wp-json\/wp\/v2\/posts\/13622","targetHints":{"allow":["GET"]}}],"collection":[{"href":"https:\/\/www.sudoestehoje.com.br\/novoportal\/wp-json\/wp\/v2\/posts"}],"about":[{"href":"https:\/\/www.sudoestehoje.com.br\/novoportal\/wp-json\/wp\/v2\/types\/post"}],"author":[{"embeddable":true,"href":"https:\/\/www.sudoestehoje.com.br\/novoportal\/wp-json\/wp\/v2\/users\/2"}],"replies":[{"embeddable":true,"href":"https:\/\/www.sudoestehoje.com.br\/novoportal\/wp-json\/wp\/v2\/comments?post=13622"}],"version-history":[{"count":3,"href":"https:\/\/www.sudoestehoje.com.br\/novoportal\/wp-json\/wp\/v2\/posts\/13622\/revisions"}],"predecessor-version":[{"id":13626,"href":"https:\/\/www.sudoestehoje.com.br\/novoportal\/wp-json\/wp\/v2\/posts\/13622\/revisions\/13626"}],"wp:attachment":[{"href":"https:\/\/www.sudoestehoje.com.br\/novoportal\/wp-json\/wp\/v2\/media?parent=13622"}],"wp:term":[{"taxonomy":"category","embeddable":true,"href":"https:\/\/www.sudoestehoje.com.br\/novoportal\/wp-json\/wp\/v2\/categories?post=13622"},{"taxonomy":"post_tag","embeddable":true,"href":"https:\/\/www.sudoestehoje.com.br\/novoportal\/wp-json\/wp\/v2\/tags?post=13622"}],"curies":[{"name":"wp","href":"https:\/\/api.w.org\/{rel}","templated":true}]}}