
{"id":13620,"date":"2012-03-09T15:56:17","date_gmt":"2012-03-09T18:56:17","guid":{"rendered":"http:\/\/www.sudoestehoje.com.br\/novoportal\/?p=13620"},"modified":"2012-03-09T23:54:13","modified_gmt":"2012-03-10T02:54:13","slug":"advogado-de-araque","status":"publish","type":"post","link":"https:\/\/www.sudoestehoje.com.br\/novoportal\/2012\/03\/09\/advogado-de-araque\/","title":{"rendered":"R\u00c1BULA MUNICIPAL"},"content":{"rendered":"<p><img decoding=\"async\" class=\"aligncenter\" src=\"http:\/\/www.imconsultoria.com.br\/images\/equipe_im.jpg\" alt=\"\" width=\"150\" \/><\/p>\n<p>Pelo que se tem not\u00edcia, o Sr. Israel Miranda \u00e9 contador, mas nas horas vagas tira onda de advogado. A CPI descobriu que para concretizar a maracutaia da contrata\u00e7\u00e3o da Vidal, Israel assinou &#8216;parecer jur\u00eddico&#8217; favor\u00e1vel \u00e0 contrata\u00e7\u00e3o da empresa de consultoria, indo de encontro ao parecer da Procuradoria do Munic\u00edpio, que foi contra a contrata\u00e7\u00e3o da Vidal. Para piorar, o &#8216;parecer&#8217; do esperto contador foi feito em data posterior ao contrato. Coisa de amador. Ficou constatado o exerc\u00edcio irregular da profiss\u00e3o de advogado, que pode e deve ser punido na Justi\u00e7a Federal, por iniciativa da OAB. Vamos l\u00e1, colegas&#8230;<\/p>\n","protected":false},"excerpt":{"rendered":"<p>Pelo que se tem not\u00edcia, o Sr. Israel Miranda \u00e9 contador, mas nas horas vagas tira onda de advogado. A CPI descobriu que para concretizar a maracutaia da contrata\u00e7\u00e3o da Vidal, Israel assinou &#8216;parecer jur\u00eddico&#8217; favor\u00e1vel \u00e0 contrata\u00e7\u00e3o da empresa de consultoria, indo de encontro ao parecer da Procuradoria do Munic\u00edpio, que foi contra a [&hellip;]<\/p>\n","protected":false},"author":2,"featured_media":0,"comment_status":"open","ping_status":"open","sticky":false,"template":"","format":"standard","meta":{"footnotes":"","_links_to":"","_links_to_target":""},"categories":[11],"tags":[],"class_list":["post-13620","post","type-post","status-publish","format-standard","hentry","category-quentinhas"],"views":1423,"_links":{"self":[{"href":"https:\/\/www.sudoestehoje.com.br\/novoportal\/wp-json\/wp\/v2\/posts\/13620","targetHints":{"allow":["GET"]}}],"collection":[{"href":"https:\/\/www.sudoestehoje.com.br\/novoportal\/wp-json\/wp\/v2\/posts"}],"about":[{"href":"https:\/\/www.sudoestehoje.com.br\/novoportal\/wp-json\/wp\/v2\/types\/post"}],"author":[{"embeddable":true,"href":"https:\/\/www.sudoestehoje.com.br\/novoportal\/wp-json\/wp\/v2\/users\/2"}],"replies":[{"embeddable":true,"href":"https:\/\/www.sudoestehoje.com.br\/novoportal\/wp-json\/wp\/v2\/comments?post=13620"}],"version-history":[{"count":3,"href":"https:\/\/www.sudoestehoje.com.br\/novoportal\/wp-json\/wp\/v2\/posts\/13620\/revisions"}],"predecessor-version":[{"id":13641,"href":"https:\/\/www.sudoestehoje.com.br\/novoportal\/wp-json\/wp\/v2\/posts\/13620\/revisions\/13641"}],"wp:attachment":[{"href":"https:\/\/www.sudoestehoje.com.br\/novoportal\/wp-json\/wp\/v2\/media?parent=13620"}],"wp:term":[{"taxonomy":"category","embeddable":true,"href":"https:\/\/www.sudoestehoje.com.br\/novoportal\/wp-json\/wp\/v2\/categories?post=13620"},{"taxonomy":"post_tag","embeddable":true,"href":"https:\/\/www.sudoestehoje.com.br\/novoportal\/wp-json\/wp\/v2\/tags?post=13620"}],"curies":[{"name":"wp","href":"https:\/\/api.w.org\/{rel}","templated":true}]}}