
{"id":13562,"date":"2012-03-08T09:21:16","date_gmt":"2012-03-08T12:21:16","guid":{"rendered":"http:\/\/www.sudoestehoje.com.br\/novoportal\/?p=13562"},"modified":"2012-03-08T09:23:45","modified_gmt":"2012-03-08T12:23:45","slug":"itapetinga-relatorio-da-cpi-da-vidal-sai-hoje","status":"publish","type":"post","link":"https:\/\/www.sudoestehoje.com.br\/novoportal\/2012\/03\/08\/itapetinga-relatorio-da-cpi-da-vidal-sai-hoje\/","title":{"rendered":"ITAPETINGA: RELAT\u00d3RIO DA CPI DA VIDAL SAI HOJE"},"content":{"rendered":"<p><img decoding=\"async\" class=\"aligncenter\" src=\"http:\/\/4.bp.blogspot.com\/-g1UjhBsE0aQ\/TwtsWwi3aQI\/AAAAAAAAIKo\/2m7HoSZ649s\/s1600\/Foto0377.jpg\" alt=\"\" \/><\/p>\n<p style=\"text-align: center;\"><em>Relat\u00f3rio ser\u00e1 divulgado na Sess\u00e3o Especial desta quinta-feira\u00a0<\/em><\/p>\n<p>&nbsp;<\/p>\n<p>ITAPETINGA: A C\u00e2mara de Vereadores realiza Sess\u00e3o Especial, nesta quarta-feira, para divulga\u00e7\u00e3o do relat\u00f3rio final da CPI da Vidal, que apura supostas irregularidades na contrata\u00e7\u00e3o da empresa de consultoria Bernardo Vidal &amp; Associados, pela prefeitura de Itapetinga.<\/p>\n<p>As den\u00fancias contra a contrata\u00e7\u00e3o da Vidal come\u00e7aram desde o in\u00edcio do ano passado, quando os vereadores da oposi\u00e7\u00e3o se articularam e requereram a abertura da CPI, que acabou sendo instalada em outubro de 2011, com os vereadores Naara Duarte (DEM) como presidente, Romildo Teixeira (PDT) como relator e Gilson de Jesus (PCdoB) como membro, apesar das manobras da bancada governista de tentar evit\u00e1-la.<\/p>\n<p>Diversas provid\u00eancias foram adotadas pela CPI, dentre elas a requisi\u00e7\u00e3o de documentos junto \u00e0 prefeitura, que nunca foram atendidas, e \u00e0 Receita Federal, que encaminhou toda a documenta\u00e7\u00e3o solicitada e um relat\u00f3rio explicativo que acabou servindo de base para as investiga\u00e7\u00f5es realizadas pela CPI.<\/p>\n<p>Foram tamb\u00e9m tomados os depoimentos de funcion\u00e1rios e secret\u00e1rios municipais, com destaque para o depoimento do secret\u00e1rio da Fazenda Zen\u00f3bio Cirqueira, a quem \u00e9 atribu\u00edda a autoria da contrata\u00e7\u00e3o da Vidal, embora ele tenha negado e atribu\u00eddo a culpa \u00e0 secret\u00e1ria Cristiane Ferraz, da administra\u00e7\u00e3o, que at\u00e9 ent\u00e3o n\u00e3o estava sendo investigada.<\/p>\n<p>A sess\u00e3o de hoje \u00e0 noite deve ser concorrida, com grande presen\u00e7a de p\u00fablico e de pol\u00edticos das oposi\u00e7\u00f5es, que n\u00e3o v\u00e3o perder a chance de tirar aquela &#8216;casquinha&#8217; na atrapalhada e complicada administra\u00e7\u00e3o do ausente prefeito Z\u00e9 Carlos.<\/p>\n<p><strong><em>Por DAVI FERRAZ\u00a0<\/em><\/strong><\/p>\n","protected":false},"excerpt":{"rendered":"<p>Relat\u00f3rio ser\u00e1 divulgado na Sess\u00e3o Especial desta quinta-feira\u00a0 &nbsp; ITAPETINGA: A C\u00e2mara de Vereadores realiza Sess\u00e3o Especial, nesta quarta-feira, para divulga\u00e7\u00e3o do relat\u00f3rio final da CPI da Vidal, que apura supostas irregularidades na contrata\u00e7\u00e3o da empresa de consultoria Bernardo Vidal &amp; Associados, pela prefeitura de Itapetinga. As den\u00fancias contra a contrata\u00e7\u00e3o da Vidal come\u00e7aram desde [&hellip;]<\/p>\n","protected":false},"author":2,"featured_media":0,"comment_status":"open","ping_status":"open","sticky":false,"template":"","format":"standard","meta":{"footnotes":"","_links_to":"","_links_to_target":""},"categories":[1],"tags":[],"class_list":["post-13562","post","type-post","status-publish","format-standard","hentry","category-geral"],"views":1470,"_links":{"self":[{"href":"https:\/\/www.sudoestehoje.com.br\/novoportal\/wp-json\/wp\/v2\/posts\/13562","targetHints":{"allow":["GET"]}}],"collection":[{"href":"https:\/\/www.sudoestehoje.com.br\/novoportal\/wp-json\/wp\/v2\/posts"}],"about":[{"href":"https:\/\/www.sudoestehoje.com.br\/novoportal\/wp-json\/wp\/v2\/types\/post"}],"author":[{"embeddable":true,"href":"https:\/\/www.sudoestehoje.com.br\/novoportal\/wp-json\/wp\/v2\/users\/2"}],"replies":[{"embeddable":true,"href":"https:\/\/www.sudoestehoje.com.br\/novoportal\/wp-json\/wp\/v2\/comments?post=13562"}],"version-history":[{"count":6,"href":"https:\/\/www.sudoestehoje.com.br\/novoportal\/wp-json\/wp\/v2\/posts\/13562\/revisions"}],"predecessor-version":[{"id":13567,"href":"https:\/\/www.sudoestehoje.com.br\/novoportal\/wp-json\/wp\/v2\/posts\/13562\/revisions\/13567"}],"wp:attachment":[{"href":"https:\/\/www.sudoestehoje.com.br\/novoportal\/wp-json\/wp\/v2\/media?parent=13562"}],"wp:term":[{"taxonomy":"category","embeddable":true,"href":"https:\/\/www.sudoestehoje.com.br\/novoportal\/wp-json\/wp\/v2\/categories?post=13562"},{"taxonomy":"post_tag","embeddable":true,"href":"https:\/\/www.sudoestehoje.com.br\/novoportal\/wp-json\/wp\/v2\/tags?post=13562"}],"curies":[{"name":"wp","href":"https:\/\/api.w.org\/{rel}","templated":true}]}}