
{"id":13546,"date":"2012-03-08T00:30:59","date_gmt":"2012-03-08T03:30:59","guid":{"rendered":"http:\/\/www.sudoestehoje.com.br\/novoportal\/?p=13546"},"modified":"2012-03-08T00:31:08","modified_gmt":"2012-03-08T03:31:08","slug":"quem-fechou-o-frigorifico","status":"publish","type":"post","link":"https:\/\/www.sudoestehoje.com.br\/novoportal\/2012\/03\/08\/quem-fechou-o-frigorifico\/","title":{"rendered":"QUEM FECHOU O FRIGOR\u00cdFICO?"},"content":{"rendered":"<p><img decoding=\"async\" class=\"aligncenter\" src=\"http:\/\/irassessoria.com.br\/wp-content\/uploads\/2012\/01\/figrosudoeste.png\" alt=\"\" width=\"150\" \/><\/p>\n<p>O Coordenador do Sindicarne Rosenildo Almeida afirmou em nota que a responsabilidade do fechamento do Frigor\u00edfico Sudoeste \u00e9 do prefeito e do Governador. Os \u00f3rg\u00e3os p\u00fablicos n\u00e3o aplicaram a portaria 304, e desta forma deixaram de combater o abate clandestino na regi\u00e3o. Rosenildo tem raz\u00e3o, mas n\u00e3o devemos deixar de ressaltar a omiss\u00e3o do Minist\u00e9rio P\u00fablico e da Adab, que nunca combateram o abate clandestino em Itapetinga e regi\u00e3o. No caso do Minist\u00e9rio P\u00fablico tem uma agravante, pois o promotor fez reuni\u00f5es na Coopardo, prometeu exigir a aplica\u00e7\u00e3o da Portaria 304, estabeleceu prazo para a portaria entrar em vigor, fez estardalha\u00e7o na imprensa e esqueceu do assunto. Deu nisto a\u00ed: 80 demiss\u00f5es.<\/p>\n<p>&#8220;MELHOR CARNE DE SOL DO BRASIL&#8221;<\/p>\n<p>Segundo o coordenador do Sindicarne, a &#8220;melhor carne de sol do Brasil&#8217;, a de\u00a0Itoror\u00f3, \u00e9 totalmente oriunda de abate clandestino e por cima liberada para o consumo pelos \u00f3rg\u00e3os de fiscaliza\u00e7\u00e3o, a quem compete cuidar para que o cidad\u00e3o n\u00e3o adquira produtos contaminados.\u201d revelou Rosenildo.<\/p>\n<p>DESCASO DAS AUTORIDADES<\/p>\n<p>Na nota distribu\u00edda \u00e0 imprensa, a dire\u00e7\u00e3o do Frigor\u00edfico Sudoeste relatou que desde o in\u00edcio de suas atividades, o Frigor\u00edfico Sudoeste buscou incessantemente o apoio dos \u00f3rg\u00e3os respons\u00e1veis como ADAB, Minist\u00e9rio P\u00fablico, Vigil\u00e2ncia Sanit\u00e1ria e Prefeituras da cidade e arredores, e se colocou \u00e0 disposi\u00e7\u00e3o demonstrando condi\u00e7\u00f5es suficientes em atender toda a regi\u00e3o, cumprindo assim a portaria 304 no que diz respeito ao abate em local inspecionado. Que o \u00a0volume de abate durante todos esses meses foi irris\u00f3rio e sequer atingiu 30% da capacidade do frigor\u00edfico. Por outro lado, o abate clandestino na microrregi\u00e3o de Itapetinga chega a 80%, colocando em risco a sa\u00fade de toda a popula\u00e7\u00e3o que, ao ingerir carne n\u00e3o inspecionada, pode contrair Cisticercose, Tuberculose, Toxoplasmose, Brucelose, dentre tantas outras doen\u00e7as. Ficou feio para a Adab, os prefeitos e o Minist\u00e9rio P\u00fablico.<\/p>\n<h4><\/h4>\n<h4><\/h4>\n","protected":false},"excerpt":{"rendered":"<p>O Coordenador do Sindicarne Rosenildo Almeida afirmou em nota que a responsabilidade do fechamento do Frigor\u00edfico Sudoeste \u00e9 do prefeito e do Governador. Os \u00f3rg\u00e3os p\u00fablicos n\u00e3o aplicaram a portaria 304, e desta forma deixaram de combater o abate clandestino na regi\u00e3o. Rosenildo tem raz\u00e3o, mas n\u00e3o devemos deixar de ressaltar a omiss\u00e3o do Minist\u00e9rio [&hellip;]<\/p>\n","protected":false},"author":2,"featured_media":0,"comment_status":"open","ping_status":"open","sticky":false,"template":"","format":"standard","meta":{"footnotes":"","_links_to":"","_links_to_target":""},"categories":[11],"tags":[],"class_list":["post-13546","post","type-post","status-publish","format-standard","hentry","category-quentinhas"],"views":1180,"_links":{"self":[{"href":"https:\/\/www.sudoestehoje.com.br\/novoportal\/wp-json\/wp\/v2\/posts\/13546","targetHints":{"allow":["GET"]}}],"collection":[{"href":"https:\/\/www.sudoestehoje.com.br\/novoportal\/wp-json\/wp\/v2\/posts"}],"about":[{"href":"https:\/\/www.sudoestehoje.com.br\/novoportal\/wp-json\/wp\/v2\/types\/post"}],"author":[{"embeddable":true,"href":"https:\/\/www.sudoestehoje.com.br\/novoportal\/wp-json\/wp\/v2\/users\/2"}],"replies":[{"embeddable":true,"href":"https:\/\/www.sudoestehoje.com.br\/novoportal\/wp-json\/wp\/v2\/comments?post=13546"}],"version-history":[{"count":6,"href":"https:\/\/www.sudoestehoje.com.br\/novoportal\/wp-json\/wp\/v2\/posts\/13546\/revisions"}],"predecessor-version":[{"id":13549,"href":"https:\/\/www.sudoestehoje.com.br\/novoportal\/wp-json\/wp\/v2\/posts\/13546\/revisions\/13549"}],"wp:attachment":[{"href":"https:\/\/www.sudoestehoje.com.br\/novoportal\/wp-json\/wp\/v2\/media?parent=13546"}],"wp:term":[{"taxonomy":"category","embeddable":true,"href":"https:\/\/www.sudoestehoje.com.br\/novoportal\/wp-json\/wp\/v2\/categories?post=13546"},{"taxonomy":"post_tag","embeddable":true,"href":"https:\/\/www.sudoestehoje.com.br\/novoportal\/wp-json\/wp\/v2\/tags?post=13546"}],"curies":[{"name":"wp","href":"https:\/\/api.w.org\/{rel}","templated":true}]}}