
{"id":13494,"date":"2012-03-06T23:31:20","date_gmt":"2012-03-07T02:31:20","guid":{"rendered":"http:\/\/www.sudoestehoje.com.br\/novoportal\/?p=13494"},"modified":"2012-03-06T23:42:04","modified_gmt":"2012-03-07T02:42:04","slug":"oab-divulga-resultado-da-1a-fase-do-exame-da-ordem","status":"publish","type":"post","link":"https:\/\/www.sudoestehoje.com.br\/novoportal\/2012\/03\/06\/oab-divulga-resultado-da-1a-fase-do-exame-da-ordem\/","title":{"rendered":"OAB DIVULGA RESULTADO DA 1\u00aa FASE DO EXAME DA ORDEM"},"content":{"rendered":"<p><img decoding=\"async\" class=\"aligncenter\" src=\"http:\/\/www.tribunahoje.com\/vgmidia\/imagens\/23524_ext_arquivo.jpg\" alt=\"\" width=\"400\" \/><\/p>\n<p>&nbsp;<\/p>\n<p>Os candidatos aprovados na primeira fase (prova objetiva) do VI Exame de Ordem Unificado j\u00e1 podem conferir o resultado e estudar para a segunda etapa da sele\u00e7\u00e3o. A lista foi divulgada no final da manh\u00e3 desta ter\u00e7a-feira, 6, pelo Conselho Federal da Ordem dos Advogados do Brasil.<\/p>\n<p>A rela\u00e7\u00e3o traz os nomes dos examinandos aprovados na seguinte ordem: Seccional da OAB, cidade de realiza\u00e7\u00e3o da prova objetiva, n\u00famero de inscri\u00e7\u00e3o e nome do examinando em ordem alfab\u00e9tica. Esses candidatos est\u00e3o convocados para a prova pr\u00e1tico-profissional\u00a0desta edi\u00e7\u00e3o do Exame, que ser\u00e1 aplicada no dia 25 de mar\u00e7o.<\/p>\n<p><a href=\"http:\/\/www.oab.org.br\/arquivos\/pdf\/Geral\/Resultado-Definitivo-1-fase-Geral-VI-Exame-Unificado.pdf\" target=\"_blank\">&gt;&gt; Confira a rela\u00e7\u00e3o dos aprovados<\/a><\/p>\n<p><em><strong>A Tarde<\/strong><\/em><\/p>\n","protected":false},"excerpt":{"rendered":"<p>&nbsp; Os candidatos aprovados na primeira fase (prova objetiva) do VI Exame de Ordem Unificado j\u00e1 podem conferir o resultado e estudar para a segunda etapa da sele\u00e7\u00e3o. A lista foi divulgada no final da manh\u00e3 desta ter\u00e7a-feira, 6, pelo Conselho Federal da Ordem dos Advogados do Brasil. A rela\u00e7\u00e3o traz os nomes dos examinandos [&hellip;]<\/p>\n","protected":false},"author":2,"featured_media":0,"comment_status":"open","ping_status":"open","sticky":false,"template":"","format":"standard","meta":{"footnotes":"","_links_to":"","_links_to_target":""},"categories":[1],"tags":[],"class_list":["post-13494","post","type-post","status-publish","format-standard","hentry","category-geral"],"views":1384,"_links":{"self":[{"href":"https:\/\/www.sudoestehoje.com.br\/novoportal\/wp-json\/wp\/v2\/posts\/13494","targetHints":{"allow":["GET"]}}],"collection":[{"href":"https:\/\/www.sudoestehoje.com.br\/novoportal\/wp-json\/wp\/v2\/posts"}],"about":[{"href":"https:\/\/www.sudoestehoje.com.br\/novoportal\/wp-json\/wp\/v2\/types\/post"}],"author":[{"embeddable":true,"href":"https:\/\/www.sudoestehoje.com.br\/novoportal\/wp-json\/wp\/v2\/users\/2"}],"replies":[{"embeddable":true,"href":"https:\/\/www.sudoestehoje.com.br\/novoportal\/wp-json\/wp\/v2\/comments?post=13494"}],"version-history":[{"count":5,"href":"https:\/\/www.sudoestehoje.com.br\/novoportal\/wp-json\/wp\/v2\/posts\/13494\/revisions"}],"predecessor-version":[{"id":13498,"href":"https:\/\/www.sudoestehoje.com.br\/novoportal\/wp-json\/wp\/v2\/posts\/13494\/revisions\/13498"}],"wp:attachment":[{"href":"https:\/\/www.sudoestehoje.com.br\/novoportal\/wp-json\/wp\/v2\/media?parent=13494"}],"wp:term":[{"taxonomy":"category","embeddable":true,"href":"https:\/\/www.sudoestehoje.com.br\/novoportal\/wp-json\/wp\/v2\/categories?post=13494"},{"taxonomy":"post_tag","embeddable":true,"href":"https:\/\/www.sudoestehoje.com.br\/novoportal\/wp-json\/wp\/v2\/tags?post=13494"}],"curies":[{"name":"wp","href":"https:\/\/api.w.org\/{rel}","templated":true}]}}