
{"id":13490,"date":"2012-03-06T23:11:51","date_gmt":"2012-03-07T02:11:51","guid":{"rendered":"http:\/\/www.sudoestehoje.com.br\/novoportal\/?p=13490"},"modified":"2012-03-06T23:18:07","modified_gmt":"2012-03-07T02:18:07","slug":"pior-que-acm","status":"publish","type":"post","link":"https:\/\/www.sudoestehoje.com.br\/novoportal\/2012\/03\/06\/pior-que-acm\/","title":{"rendered":"PIOR QUE ACM"},"content":{"rendered":"<p><img decoding=\"async\" class=\"aligncenter\" src=\"http:\/\/www.revistaso.com.br\/wp-content\/uploads\/2011\/09\/20_MHG_pais_acm.jpg\" alt=\"\" width=\"400\" \/><\/p>\n<p>Nesta ter\u00e7a-feira durante a sess\u00e3o da assembl\u00e9ia legislativa da Bahia o deputado estadual Targino Machado (PSC), partiu para o ataque contra o governador Wagner (PT). \u201c Eu sinto saudade do tempo do carlismo, eu sempre fui contra ACM, mas o senador amea\u00e7ava, no outro dia acordava e esquecia. J\u00e1 Wagner te abra\u00e7a, mas no outro dia faz tudo que ACM n\u00e3o teve coragem de fazer\u201d.<\/p>\n<p>MAT\u00c9RIA BARRADA<\/p>\n<p>O coment\u00e1rio em Salvador \u00e9 que uma rep\u00f3rter de um prestigiado jornal tinha preparado uma mat\u00e9ria sobre as 38 viagens internacionais de Wagner, que n\u00e3o tinham tido nenhum resultado proveitoso para o governo. A jornalista foi \u201cbarrada\u201d e a mat\u00e9ria n\u00e3o foi publicada, j\u00e1 que o dono do jornal ficou com medo de perder o contrato com o governo do estado. Puro estilo ACM.<\/p>\n","protected":false},"excerpt":{"rendered":"<p>Nesta ter\u00e7a-feira durante a sess\u00e3o da assembl\u00e9ia legislativa da Bahia o deputado estadual Targino Machado (PSC), partiu para o ataque contra o governador Wagner (PT). \u201c Eu sinto saudade do tempo do carlismo, eu sempre fui contra ACM, mas o senador amea\u00e7ava, no outro dia acordava e esquecia. J\u00e1 Wagner te abra\u00e7a, mas no outro [&hellip;]<\/p>\n","protected":false},"author":2,"featured_media":0,"comment_status":"open","ping_status":"open","sticky":false,"template":"","format":"standard","meta":{"footnotes":"","_links_to":"","_links_to_target":""},"categories":[1],"tags":[],"class_list":["post-13490","post","type-post","status-publish","format-standard","hentry","category-geral"],"views":1217,"_links":{"self":[{"href":"https:\/\/www.sudoestehoje.com.br\/novoportal\/wp-json\/wp\/v2\/posts\/13490","targetHints":{"allow":["GET"]}}],"collection":[{"href":"https:\/\/www.sudoestehoje.com.br\/novoportal\/wp-json\/wp\/v2\/posts"}],"about":[{"href":"https:\/\/www.sudoestehoje.com.br\/novoportal\/wp-json\/wp\/v2\/types\/post"}],"author":[{"embeddable":true,"href":"https:\/\/www.sudoestehoje.com.br\/novoportal\/wp-json\/wp\/v2\/users\/2"}],"replies":[{"embeddable":true,"href":"https:\/\/www.sudoestehoje.com.br\/novoportal\/wp-json\/wp\/v2\/comments?post=13490"}],"version-history":[{"count":3,"href":"https:\/\/www.sudoestehoje.com.br\/novoportal\/wp-json\/wp\/v2\/posts\/13490\/revisions"}],"predecessor-version":[{"id":13492,"href":"https:\/\/www.sudoestehoje.com.br\/novoportal\/wp-json\/wp\/v2\/posts\/13490\/revisions\/13492"}],"wp:attachment":[{"href":"https:\/\/www.sudoestehoje.com.br\/novoportal\/wp-json\/wp\/v2\/media?parent=13490"}],"wp:term":[{"taxonomy":"category","embeddable":true,"href":"https:\/\/www.sudoestehoje.com.br\/novoportal\/wp-json\/wp\/v2\/categories?post=13490"},{"taxonomy":"post_tag","embeddable":true,"href":"https:\/\/www.sudoestehoje.com.br\/novoportal\/wp-json\/wp\/v2\/tags?post=13490"}],"curies":[{"name":"wp","href":"https:\/\/api.w.org\/{rel}","templated":true}]}}