
{"id":13464,"date":"2012-03-06T18:19:51","date_gmt":"2012-03-06T21:19:51","guid":{"rendered":"http:\/\/www.sudoestehoje.com.br\/novoportal\/?p=13464"},"modified":"2012-03-06T18:19:51","modified_gmt":"2012-03-06T21:19:51","slug":"prefeito-de-ipiau-sera-operado-do-coracao-nesta-quarta","status":"publish","type":"post","link":"https:\/\/www.sudoestehoje.com.br\/novoportal\/2012\/03\/06\/prefeito-de-ipiau-sera-operado-do-coracao-nesta-quarta\/","title":{"rendered":"PREFEITO DE IPIA\u00da SER\u00c1 OPERADO DO CORA\u00c7\u00c3O NESTA QUARTA"},"content":{"rendered":"<p><img decoding=\"async\" class=\"aligncenter\" src=\"http:\/\/www.bahianoticias.com.br\/fotos\/principal_noticias\/112431\/IMAGEM_NOTICIA_5.jpg\" alt=\"Prefeito de Ipia\u00fa passa por cirurgia no cora\u00e7\u00e3o\" width=\"400\" \/><\/p>\n<p>&nbsp;<\/p>\n<p>O prefeito de Ipia\u00fa, Deraldino Ara\u00fajo (PMDB), foi submetido a um procedimento de cateterismo card\u00edaco na manh\u00e3 desta ter\u00e7a-feira (6), no Hospital Santa Izabel, em Salvador. O gestor do munic\u00edpio do baixo sul baiano sofreu um infarto no mioc\u00e1rdio na noite da \u00faltima sexta (2)<strong>.<\/strong>\u00a0De acordo com a assessoria do alcaide, o exame apontou uma les\u00e3o em uma art\u00e9ria secund\u00e1ria do seu cora\u00e7\u00e3o. Por conta disso, ele ser\u00e1 submetido, nesta quarta (7), a uma angioplastia \u2013 desobstru\u00e7\u00e3o de uma art\u00e9ria \u2013 para corre\u00e7\u00e3o do problema. O peemedebista, que est\u00e1 sobre os cuidados da equipe chefiada pelo m\u00e9dico cardiologista Jos\u00e9 Carlos Brito, dever\u00e1 receber alta na pr\u00f3xima segunda (12). BN<\/p>\n","protected":false},"excerpt":{"rendered":"<p>&nbsp; O prefeito de Ipia\u00fa, Deraldino Ara\u00fajo (PMDB), foi submetido a um procedimento de cateterismo card\u00edaco na manh\u00e3 desta ter\u00e7a-feira (6), no Hospital Santa Izabel, em Salvador. O gestor do munic\u00edpio do baixo sul baiano sofreu um infarto no mioc\u00e1rdio na noite da \u00faltima sexta (2).\u00a0De acordo com a assessoria do alcaide, o exame apontou [&hellip;]<\/p>\n","protected":false},"author":2,"featured_media":0,"comment_status":"open","ping_status":"open","sticky":false,"template":"","format":"standard","meta":{"footnotes":"","_links_to":"","_links_to_target":""},"categories":[1],"tags":[],"class_list":["post-13464","post","type-post","status-publish","format-standard","hentry","category-geral"],"views":1165,"_links":{"self":[{"href":"https:\/\/www.sudoestehoje.com.br\/novoportal\/wp-json\/wp\/v2\/posts\/13464","targetHints":{"allow":["GET"]}}],"collection":[{"href":"https:\/\/www.sudoestehoje.com.br\/novoportal\/wp-json\/wp\/v2\/posts"}],"about":[{"href":"https:\/\/www.sudoestehoje.com.br\/novoportal\/wp-json\/wp\/v2\/types\/post"}],"author":[{"embeddable":true,"href":"https:\/\/www.sudoestehoje.com.br\/novoportal\/wp-json\/wp\/v2\/users\/2"}],"replies":[{"embeddable":true,"href":"https:\/\/www.sudoestehoje.com.br\/novoportal\/wp-json\/wp\/v2\/comments?post=13464"}],"version-history":[{"count":3,"href":"https:\/\/www.sudoestehoje.com.br\/novoportal\/wp-json\/wp\/v2\/posts\/13464\/revisions"}],"predecessor-version":[{"id":13467,"href":"https:\/\/www.sudoestehoje.com.br\/novoportal\/wp-json\/wp\/v2\/posts\/13464\/revisions\/13467"}],"wp:attachment":[{"href":"https:\/\/www.sudoestehoje.com.br\/novoportal\/wp-json\/wp\/v2\/media?parent=13464"}],"wp:term":[{"taxonomy":"category","embeddable":true,"href":"https:\/\/www.sudoestehoje.com.br\/novoportal\/wp-json\/wp\/v2\/categories?post=13464"},{"taxonomy":"post_tag","embeddable":true,"href":"https:\/\/www.sudoestehoje.com.br\/novoportal\/wp-json\/wp\/v2\/tags?post=13464"}],"curies":[{"name":"wp","href":"https:\/\/api.w.org\/{rel}","templated":true}]}}