
{"id":13455,"date":"2012-03-06T16:24:37","date_gmt":"2012-03-06T19:24:37","guid":{"rendered":"http:\/\/www.sudoestehoje.com.br\/novoportal\/?p=13455"},"modified":"2012-03-06T22:11:53","modified_gmt":"2012-03-07T01:11:53","slug":"em-macarani-saude-e-prioridade","status":"publish","type":"post","link":"https:\/\/www.sudoestehoje.com.br\/novoportal\/2012\/03\/06\/em-macarani-saude-e-prioridade\/","title":{"rendered":"EM MACARANI, SA\u00daDE \u00c9 PRIORIDADE"},"content":{"rendered":"<p><a href=\"http:\/\/www.sudoestehoje.com.br\/novoportal\/wp-content\/uploads\/2012\/03\/PSF-centro2.jpg\"><img loading=\"lazy\" decoding=\"async\" class=\"aligncenter size-medium wp-image-13458\" title=\"PSF centro2\" src=\"http:\/\/www.sudoestehoje.com.br\/novoportal\/wp-content\/uploads\/2012\/03\/PSF-centro2-500x375.jpg\" alt=\"\" width=\"500\" height=\"375\" srcset=\"https:\/\/www.sudoestehoje.com.br\/novoportal\/wp-content\/uploads\/2012\/03\/PSF-centro2-500x375.jpg 500w, https:\/\/www.sudoestehoje.com.br\/novoportal\/wp-content\/uploads\/2012\/03\/PSF-centro2.jpg 600w\" sizes=\"auto, (max-width: 500px) 100vw, 500px\" \/><\/a><\/p>\n<p style=\"text-align: center;\"><em>Novo PSF no centro de Macarani ser\u00e1 inaugurado nos pr\u00f3ximos dias<\/em><\/p>\n<p>&nbsp;<\/p>\n<p>A prefeitura de Macarani n\u00e3o para de trabalhar. Mesmo em tempos dif\u00edceis financeiramente, consegue manter um cronograma de obras de vital import\u00e2ncia para a comunidade.\u00a0 Nos \u00faltimos meses o setor da sa\u00fade recebeu contempla\u00e7\u00e3o acima do estimado, gra\u00e7as ao empenho da administra\u00e7\u00e3o municipal. A reconstru\u00e7\u00e3o do Posto M\u00e9dico \u00canio Rosendo Pinto \u00e9 uma prova inconteste desse trabalho. Apesar de valor hist\u00f3rico, por ser a primeira unidade m\u00e9dica constru\u00edda no munic\u00edpio, o antigo pr\u00e9dio j\u00e1 n\u00e3o despertava mais a aten\u00e7\u00e3o da popula\u00e7\u00e3o devido o estado de degrada\u00e7\u00e3o em que se encontrava, completamente descaracterizado e prestes a ruir.<\/p>\n<p><a href=\"http:\/\/www.sudoestehoje.com.br\/novoportal\/wp-content\/uploads\/2012\/03\/Posto-antes-e-depois.jpg\"><img loading=\"lazy\" decoding=\"async\" class=\"aligncenter size-medium wp-image-13459\" title=\"Posto antes e depois\" src=\"http:\/\/www.sudoestehoje.com.br\/novoportal\/wp-content\/uploads\/2012\/03\/Posto-antes-e-depois-500x138.jpg\" alt=\"\" width=\"500\" height=\"138\" srcset=\"https:\/\/www.sudoestehoje.com.br\/novoportal\/wp-content\/uploads\/2012\/03\/Posto-antes-e-depois-500x138.jpg 500w, https:\/\/www.sudoestehoje.com.br\/novoportal\/wp-content\/uploads\/2012\/03\/Posto-antes-e-depois.jpg 600w\" sizes=\"auto, (max-width: 500px) 100vw, 500px\" \/><\/a><\/p>\n<p>O Governo &#8220;O Futuro Come\u00e7a Agora&#8221; mudou esta realidade. Com investimentos pr\u00f3prios restaurou completamente o velho pr\u00e9dio e o dotou de infraestrutura moderna, sem, contudo, desfazer dos tra\u00e7os arquitet\u00f4nicos originais. O novo posto de sa\u00fade ganhou novo nome em homenagem ao Dr. Wilson de Souza Dantas, um dos pioneiros da medicina local e foi transformado num complexo onde funcionam o Centro de Zoonoses, Laborat\u00f3rio, Ag\u00eancia de Vigil\u00e2ncia Sanit\u00e1ria, central de marca\u00e7\u00e3o de exames, Endemias, CPD de a\u00e7\u00f5es negociadas com o SUS, n\u00facleo de vacina\u00e7\u00e3o, farm\u00e1cia b\u00e1sica, consult\u00f3rio m\u00e9dico, sala de curativos, recep\u00e7\u00e3o assistida, audit\u00f3rio, banheiros adaptados para cadeirantes e, ainda, a instala\u00e7\u00e3o da pr\u00f3pria Secretaria de Sa\u00fade.<\/p>\n<div id=\"attachment_13460\" style=\"width: 510px\" class=\"wp-caption aligncenter\"><a href=\"http:\/\/www.sudoestehoje.com.br\/novoportal\/wp-content\/uploads\/2012\/03\/PSF-Bairro-Sobral-Bentes.jpg\"><img loading=\"lazy\" decoding=\"async\" aria-describedby=\"caption-attachment-13460\" class=\"size-medium wp-image-13460\" title=\"PSF Bairro Sobral Bentes\" src=\"http:\/\/www.sudoestehoje.com.br\/novoportal\/wp-content\/uploads\/2012\/03\/PSF-Bairro-Sobral-Bentes-500x319.jpg\" alt=\"\" width=\"500\" height=\"319\" srcset=\"https:\/\/www.sudoestehoje.com.br\/novoportal\/wp-content\/uploads\/2012\/03\/PSF-Bairro-Sobral-Bentes-500x319.jpg 500w, https:\/\/www.sudoestehoje.com.br\/novoportal\/wp-content\/uploads\/2012\/03\/PSF-Bairro-Sobral-Bentes.jpg 600w\" sizes=\"auto, (max-width: 500px) 100vw, 500px\" \/><\/a><p id=\"caption-attachment-13460\" class=\"wp-caption-text\">Constru\u00e7\u00e3o do um novo Posto de Sa\u00fade no bairro Sobral Bentes mostra a determina\u00e7\u00e3o do prefeito Carlinhos em levar a sa\u00fade a toda a popula\u00e7\u00e3o de Macarani<\/p><\/div>\n<p>Inaugurado o novo Posto de Sa\u00fade, a prefeitura concentrou esfor\u00e7os na constru\u00e7\u00e3o do PSF do centro da cidade, que funcionar\u00e1 em anexo \u00e0 pr\u00f3pria Unidade de Sa\u00fade. Apesar da proximidade, os trabalhos s\u00e3o diferenciados e descentralizados. O Posto de Sa\u00fade da Fam\u00edlia tem por base a a\u00e7\u00e3o preventiva; e este do centro da cidade, fecha o ciclo de cobertura no munic\u00edpio, como preconiza o Minist\u00e9rio da Sa\u00fade. A nova unidade est\u00e1 pronta, faltando apenas o mobili\u00e1rio para que seja inaugurado e entregue \u00e0 comunidade, o que ocorrer\u00e1 nos pr\u00f3ximos dias.<!--more--><\/p>\n<p>E n\u00e3o para por ai: est\u00e1 em todo vapor a constru\u00e7\u00e3o do novo PSF do Bairro Sobral Bentes (munic\u00edpio). Os moradores da localidade s\u00e3o atendidos no Posto do Jardim Guaruj\u00e1 que funciona em anexo ao Centro de Fisioterapia Betinho Pedral. O espa\u00e7o \u00e9 pequeno com limita\u00e7\u00f5es de atendimento por falta de salas adequadas, por isso, o prefeito Carlinhos buscou recursos junto ao Minist\u00e9rio da Sa\u00fade no sentido de construir um novo PSF com padr\u00f5es modernos e espa\u00e7o suficiente para atender a popula\u00e7\u00e3o assistida no mesmo padr\u00e3o da Unidade do Centro. Segundo o Arquiteto da prefeitura, Jorge Jourdam, o novo Posto de Sa\u00fade da Fam\u00edlia est\u00e1 sendo constru\u00edda numa \u00e1rea de 200 m\u00b2 e contar\u00e1 com dois ambulat\u00f3rios m\u00e9dicos e um odontol\u00f3gico; dois banheiros adaptados para deficientes f\u00edsicos; sala de recep\u00e7\u00e3o; centro de observa\u00e7\u00e3o e setor de imuniza\u00e7\u00e3o (vacinas).<\/p>\n<p>Para trabalho interno, o Centro contar\u00e1 tamb\u00e9m com sala de esteriliza\u00e7\u00e3o, farm\u00e1cia b\u00e1sica, recep\u00e7\u00e3o administrativa e copa\/cozinha. A climatiza\u00e7\u00e3o do ambiente foi outra preocupa\u00e7\u00e3o do projetista que incluiu em seu interior dois corredores de ventila\u00e7\u00e3o, para proporcionar melhor conforto para os profissionais e pacientes.<\/p>\n<p>Ainda este m\u00eas, a prefeitura de Macarani dar\u00e1 inicio a reforma e amplia\u00e7\u00e3o do hospital municipal S\u00e3o Pedro. O prefeito Carlinhos afirma que Macarani ainda n\u00e3o tem uma sa\u00fade \u00e0 altura dos anseios da popula\u00e7\u00e3o e da pr\u00f3pria prefeitura, mas todos reconhecem que nenhum outro gestor teve tanta preocupa\u00e7\u00e3o com a sa\u00fade do munic\u00edpio como a atual, ao ponto de torn\u00e1-la refer\u00eancia em toda a regi\u00e3o, e isso a popula\u00e7\u00e3o reconhece.<\/p>\n<p><strong><em>Ascom \u2013 Jota Santos\u00a0<\/em><\/strong><\/p>\n","protected":false},"excerpt":{"rendered":"<p>Novo PSF no centro de Macarani ser\u00e1 inaugurado nos pr\u00f3ximos dias &nbsp; A prefeitura de Macarani n\u00e3o para de trabalhar. Mesmo em tempos dif\u00edceis financeiramente, consegue manter um cronograma de obras de vital import\u00e2ncia para a comunidade.\u00a0 Nos \u00faltimos meses o setor da sa\u00fade recebeu contempla\u00e7\u00e3o acima do estimado, gra\u00e7as ao empenho da administra\u00e7\u00e3o municipal. [&hellip;]<\/p>\n","protected":false},"author":2,"featured_media":0,"comment_status":"open","ping_status":"open","sticky":false,"template":"","format":"standard","meta":{"footnotes":"","_links_to":"","_links_to_target":""},"categories":[1],"tags":[],"class_list":["post-13455","post","type-post","status-publish","format-standard","hentry","category-geral"],"views":2431,"_links":{"self":[{"href":"https:\/\/www.sudoestehoje.com.br\/novoportal\/wp-json\/wp\/v2\/posts\/13455","targetHints":{"allow":["GET"]}}],"collection":[{"href":"https:\/\/www.sudoestehoje.com.br\/novoportal\/wp-json\/wp\/v2\/posts"}],"about":[{"href":"https:\/\/www.sudoestehoje.com.br\/novoportal\/wp-json\/wp\/v2\/types\/post"}],"author":[{"embeddable":true,"href":"https:\/\/www.sudoestehoje.com.br\/novoportal\/wp-json\/wp\/v2\/users\/2"}],"replies":[{"embeddable":true,"href":"https:\/\/www.sudoestehoje.com.br\/novoportal\/wp-json\/wp\/v2\/comments?post=13455"}],"version-history":[{"count":7,"href":"https:\/\/www.sudoestehoje.com.br\/novoportal\/wp-json\/wp\/v2\/posts\/13455\/revisions"}],"predecessor-version":[{"id":13463,"href":"https:\/\/www.sudoestehoje.com.br\/novoportal\/wp-json\/wp\/v2\/posts\/13455\/revisions\/13463"}],"wp:attachment":[{"href":"https:\/\/www.sudoestehoje.com.br\/novoportal\/wp-json\/wp\/v2\/media?parent=13455"}],"wp:term":[{"taxonomy":"category","embeddable":true,"href":"https:\/\/www.sudoestehoje.com.br\/novoportal\/wp-json\/wp\/v2\/categories?post=13455"},{"taxonomy":"post_tag","embeddable":true,"href":"https:\/\/www.sudoestehoje.com.br\/novoportal\/wp-json\/wp\/v2\/tags?post=13455"}],"curies":[{"name":"wp","href":"https:\/\/api.w.org\/{rel}","templated":true}]}}